{"id":5407,"date":"2026-04-30T18:59:14","date_gmt":"2026-04-30T16:59:14","guid":{"rendered":"https:\/\/www.ttc-darmstadt.de\/blog\/?p=5407"},"modified":"2026-05-01T08:03:31","modified_gmt":"2026-05-01T06:03:31","slug":"joel-mit-starker-leistung-in-sarajevo","status":"publish","type":"post","link":"https:\/\/www.ttc-darmstadt.de\/blog\/joel-mit-starker-leistung-in-sarajevo\/","title":{"rendered":"Joel mit starker Leistung in Sarajevo &#8211; Silber und Bronze"},"content":{"rendered":"\n<p>Unser 12-j\u00e4hriges Mitglied Joel konnte beim WTT Youth Contender in Sarajevo in Bosnien und Herzegowina mit einer starken Leistung \u00fcberzeugen. Bei seinem zweiten WTT Youth Contender Turnier, wo der NK2 Kaderspieler im Nationalmannschaftsoutfit spielte und somit den DTTB vertrat, ging es f\u00fcr ihn erstmalig mit dem Flugzeug nach Sarajevo. Das Turnier wurde vom 27. &#8211; 30. April ausgetragen. In der Jungen 13 Konkurrenz erreicht Joel ohne viel Gegenwehr das Finale, wo er in vier S\u00e4tzen seinem Kaderkollegen Kiril Manalaki aus Niedersachsen in vier S\u00e4tzen unterlag. Somit eine weitere Silbermedaille in seiner Sammlung. <\/p>\n\n\n\n<p>In der Konkurrenz Jungen 15 qualifizierte sich das Abwehrtalent als Gruppenzweiter f\u00fcr das 16-tel Finale. Nach einem soliden Erfolg wartete im Achtelfinale ein zwei Jahre \u00e4lterer rum\u00e4nischer Nationalspieler, den Joel trotz 0:2 Satzr\u00fcckstand noch bezwingen konnte. Im Viertelfinale schaltete er dann noch ein Nachwuchstalent aus der Niederlande aus, ehe er im Halbfinale die Dominanz eines spanischen Kurznoppenspieler anerkennen musste. Mit Bronze beendete er somit das starke Feld der Altersklasse. <\/p>\n\n\n\n<p>F\u00fcr Joel ein sch\u00f6ner Erfolg, dass er mit zwei Pokalen zur\u00fcckreisen darf. Der TTC freut sich und w\u00fcnscht ihm weiterhin viel Erfolg bei seinen n\u00e4chsten Turnieren auf nationaler und internationaler Ebene.<\/p>\n","protected":false},"excerpt":{"rendered":"<p>Unser 12-j\u00e4hriges Mitglied Joel konnte beim WTT Youth Contender in Sarajevo in Bosnien und Herzegowina mit einer starken Leistung \u00fcberzeugen. Bei seinem zweiten WTT Youth Contender Turnier, wo der NK2 [&hellip;]<\/p>\n","protected":false},"author":123457,"featured_media":5408,"comment_status":"closed","ping_status":"closed","sticky":false,"template":"","format":"standard","meta":{"ngg_post_thumbnail":0,"footnotes":""},"categories":[53],"tags":[],"class_list":["post-5407","post","type-post","status-publish","format-standard","has-post-thumbnail","hentry","category-turnier"],"_links":{"self":[{"href":"https:\/\/www.ttc-darmstadt.de\/blog\/wp-json\/wp\/v2\/posts\/5407","targetHints":{"allow":["GET"]}}],"collection":[{"href":"https:\/\/www.ttc-darmstadt.de\/blog\/wp-json\/wp\/v2\/posts"}],"about":[{"href":"https:\/\/www.ttc-darmstadt.de\/blog\/wp-json\/wp\/v2\/types\/post"}],"author":[{"embeddable":true,"href":"https:\/\/www.ttc-darmstadt.de\/blog\/wp-json\/wp\/v2\/users\/123457"}],"replies":[{"embeddable":true,"href":"https:\/\/www.ttc-darmstadt.de\/blog\/wp-json\/wp\/v2\/comments?post=5407"}],"version-history":[{"count":2,"href":"https:\/\/www.ttc-darmstadt.de\/blog\/wp-json\/wp\/v2\/posts\/5407\/revisions"}],"predecessor-version":[{"id":5418,"href":"https:\/\/www.ttc-darmstadt.de\/blog\/wp-json\/wp\/v2\/posts\/5407\/revisions\/5418"}],"wp:featuredmedia":[{"embeddable":true,"href":"https:\/\/www.ttc-darmstadt.de\/blog\/wp-json\/wp\/v2\/media\/5408"}],"wp:attachment":[{"href":"https:\/\/www.ttc-darmstadt.de\/blog\/wp-json\/wp\/v2\/media?parent=5407"}],"wp:term":[{"taxonomy":"category","embeddable":true,"href":"https:\/\/www.ttc-darmstadt.de\/blog\/wp-json\/wp\/v2\/categories?post=5407"},{"taxonomy":"post_tag","embeddable":true,"href":"https:\/\/www.ttc-darmstadt.de\/blog\/wp-json\/wp\/v2\/tags?post=5407"}],"curies":[{"name":"wp","href":"https:\/\/api.w.org\/{rel}","templated":true}]}}