{"id":5349,"date":"2025-10-20T18:14:41","date_gmt":"2025-10-20T16:14:41","guid":{"rendered":"https:\/\/www.ttc-darmstadt.de\/blog\/?p=5349"},"modified":"2025-10-21T08:49:25","modified_gmt":"2025-10-21T06:49:25","slug":"silber-fuer-joel-bei-bundesrangliste-jugend-13-foto-fung-lan-wong","status":"publish","type":"post","link":"https:\/\/www.ttc-darmstadt.de\/blog\/silber-fuer-joel-bei-bundesrangliste-jugend-13-foto-fung-lan-wong\/","title":{"rendered":"Silber f\u00fcr Joel bei Bundesrangliste Jugend 13"},"content":{"rendered":"\n<p>Mit einer sehr starken und \u00fcberzeugenden k\u00e4mpferischen Leistung konnte sich am Wochenende unser elfj\u00e4hriges Vereinsmitglied Joel Rohaly &#8211; was seit dieser Saison bei der TG Langenselbold aktiv ist &#8211; den zweiten Platz bei der Bundesrangliste Top 32 Jugend 13 in Biberach an der Ri\u00df sichern. Bei dem Turnier traten die jeweils 32 besten M\u00e4dchen und die 32 besten Jungen des Jahrgang 2013 und j\u00fcnger aus Deutschland an, um ihre Sieger zu ermitteln.<\/p>\n\n\n\n<p>Zusammen mit sechs weiteren hessischen Nachwuchsspieler\/-innen und f\u00fcnf Verbandstrainern reiste er \u2013 in der Setzliste an Position 6 gesetzt &#8211; \u00a0am Freitag nach Oberschwaben an.<\/p>\n\n\n\n<p>In seiner Achtergruppe am Samstag konnte er sich mit 6:1 Einzeln bei einer starken 20:3 Satzbilanz souver\u00e4n den Gruppensieg sichern. F\u00fcr das Viertelfinale wurden zwei hessische Duelle ausgelost.&nbsp; Joel setzte sich hier zun\u00e4chst in f\u00fcnf S\u00e4tzen gegen seinen zwei Jahre j\u00fcngeren Kaderkollegen Manoj Kumar Sankara (TV Niederad) durch.<\/p>\n\n\n\n<p>Seine absolute Nervenst\u00e4rke zeigte er vor allem in der n\u00e4chsten Runde. Hier wartete mit Jonathan Kilian\u00a0 vom TTC OE Clarity Telefonie-Systeme Bad Homburg e.V. erneut ein Hesse auf ihn. Joel drehte einen 1:2 Satzr\u00fcckstand und wehrte in diesem Spiel im f\u00fcnften Satz einen Matchball ab. So entschied er den Entscheidungssatz mit 12:10 zu seinen Gunsten. Im Finale unterlag er dem Topgesetzten und Favoriten aus Niedersachsen, Kirill Malanaki, in drei S\u00e4tzen.<\/p>\n\n\n\n<p>Mit den Pl\u00e4tzen zwei, vier, sechs und zehn erreichten das hessische Jungendquartett am Ende ein tolles Gesamtergebnis f\u00fcr den Verband.<\/p>\n\n\n\n<p>Diese Woche tritt Joel bei einem&nbsp; Turnier der europ\u00e4ischen Youth Serie in Pilsen an. Das n\u00e4chste Highlight wird dann die Bundesrangliste Top 48 Jungen 15 Ende November in Leipzig sein.<\/p>\n\n\n\n<p>Der TTC freut sich sehr, dass unser Vereinsmitglied beim ersten Turnier f\u00fcr seinen neuen Verein, die TG Langenselbold, gleich erfolgreich gestalten konnte.<\/p>\n\n\n\n<p>Ergebnisse zur Bundesrangliste unter: <a href=\"https:\/\/www.tischtennis.de\/mkttonline.html?mkttid=8b0e83f4\">https:\/\/www.tischtennis.de\/mkttonline.html?mkttid=8b0e83f4<\/a><\/p>\n\n\n\n<p><\/p>\n","protected":false},"excerpt":{"rendered":"<p>Mit einer sehr starken und \u00fcberzeugenden k\u00e4mpferischen Leistung konnte sich am Wochenende unser elfj\u00e4hriges Vereinsmitglied Joel Rohaly &#8211; was seit dieser Saison bei der TG Langenselbold aktiv ist &#8211; den zweiten Platz bei der Bundesrangliste Top 32 Jugend 13 in Biberach an der Ri\u00df sichern. Bei dem Turnier traten die jeweils 32 besten M\u00e4dchen und die 32 besten Jungen des Jahrgang 2013 und j\u00fcnger aus Deutschland an, um ihre Sieger zu ermitteln.<\/p>\n","protected":false},"author":123457,"featured_media":5359,"comment_status":"closed","ping_status":"closed","sticky":false,"template":"","format":"standard","meta":{"ngg_post_thumbnail":0,"footnotes":""},"categories":[53,1],"tags":[204,52],"class_list":["post-5349","post","type-post","status-publish","format-standard","has-post-thumbnail","hentry","category-turnier","category-verein","tag-nachwuchs","tag-tischtennis"],"_links":{"self":[{"href":"https:\/\/www.ttc-darmstadt.de\/blog\/wp-json\/wp\/v2\/posts\/5349","targetHints":{"allow":["GET"]}}],"collection":[{"href":"https:\/\/www.ttc-darmstadt.de\/blog\/wp-json\/wp\/v2\/posts"}],"about":[{"href":"https:\/\/www.ttc-darmstadt.de\/blog\/wp-json\/wp\/v2\/types\/post"}],"author":[{"embeddable":true,"href":"https:\/\/www.ttc-darmstadt.de\/blog\/wp-json\/wp\/v2\/users\/123457"}],"replies":[{"embeddable":true,"href":"https:\/\/www.ttc-darmstadt.de\/blog\/wp-json\/wp\/v2\/comments?post=5349"}],"version-history":[{"count":6,"href":"https:\/\/www.ttc-darmstadt.de\/blog\/wp-json\/wp\/v2\/posts\/5349\/revisions"}],"predecessor-version":[{"id":5357,"href":"https:\/\/www.ttc-darmstadt.de\/blog\/wp-json\/wp\/v2\/posts\/5349\/revisions\/5357"}],"wp:featuredmedia":[{"embeddable":true,"href":"https:\/\/www.ttc-darmstadt.de\/blog\/wp-json\/wp\/v2\/media\/5359"}],"wp:attachment":[{"href":"https:\/\/www.ttc-darmstadt.de\/blog\/wp-json\/wp\/v2\/media?parent=5349"}],"wp:term":[{"taxonomy":"category","embeddable":true,"href":"https:\/\/www.ttc-darmstadt.de\/blog\/wp-json\/wp\/v2\/categories?post=5349"},{"taxonomy":"post_tag","embeddable":true,"href":"https:\/\/www.ttc-darmstadt.de\/blog\/wp-json\/wp\/v2\/tags?post=5349"}],"curies":[{"name":"wp","href":"https:\/\/api.w.org\/{rel}","templated":true}]}}