{"id":5301,"date":"2025-07-26T10:37:11","date_gmt":"2025-07-26T08:37:11","guid":{"rendered":"https:\/\/www.ttc-darmstadt.de\/blog\/?p=5301"},"modified":"2025-07-26T20:36:34","modified_gmt":"2025-07-26T18:36:34","slug":"zeltfreizeit-2025-des-1-ttc-darmstadt-ein-voller-erfolg","status":"publish","type":"post","link":"https:\/\/www.ttc-darmstadt.de\/blog\/zeltfreizeit-2025-des-1-ttc-darmstadt-ein-voller-erfolg\/","title":{"rendered":"Zeltfreizeit 2025 des 1. TTC Darmstadt ein voller Erfolg"},"content":{"rendered":"Die diesj\u00e4hrige Zeltfreizeit (6.7. \u2013 10.7.) war wieder mal ein Highlight f\u00fcr den Nachwuchs und der perfekte Start in die Sommerferien.<br \/><br \/>Die Anreise zur Zeltwiese Absberg am Kleinen Brombachsee war verh\u00e4ltnism\u00e4\u00dfig lang, knapp 4 Stunden, aber sie hat sich wirklich gelohnt. Wir hatten f\u00fcr unsere Zelte einen guten Platz bekommen, wo wir fast keine Nachbarn hatten, die wir h\u00e4tten st\u00f6ren k\u00f6nnen.<br \/><br \/>Es standen von vornherein einige Aktionen auf dem Programm, aber es blieb trotzdem auch Raum f\u00fcr spontane Ideen, wie z.B. Fu\u00dfball, Wikinger-Schach, Volleyball, Badminton oder verschiedene Kartenspiele bis in die Nacht.<br \/>Gleich am ersten Tag nutzten wir das gute Wetter, um in den See zu springen. Das Wasser war zwar ein wenig k\u00fchl, aber man gew\u00f6hnte sich schnell daran und alle hatten viel Spa\u00df.<br \/><br \/>Das Wetter war leider nicht jeden Tag so gut, aber wir lie\u00dfen uns unsere gute Laune nicht verderben. Ein Highlight war \u2013 wie schon bei der Zeltfreizeit vorher \u2013 das Gruppenspiel, bei dem wir uns durch das \u00dcbergeben von Gegenst\u00e4nden ohne Zeugen gegenseitig aus dem Spiel werfen mussten. Theorien zu entwickeln und zu r\u00e4tseln, wer da wen alleine \u201eerwischen\u201c musste, machte uns viel Spa\u00df. Noch mehr nat\u00fcrlich, wenn man erfolgreich seine Aufgabe erledigt hatte, was vielen bis zum Schluss gelungen war. Am Ende, als nur noch wenige \u00fcbrig waren, wurden alle gesammelten Zettel gez\u00e4hlt und ein Trainer gewann schlie\u00dflich.<br \/><br \/>Der Ausflug in den Kletterwald war ebenfalls ein gro\u00dfer Spa\u00df. Das Wetter spielte mit und lie\u00df uns im Trockenen die vielen Strecken ausprobieren und erfolgreich meistern. Nat\u00fcrlich gab es vorher eine ausf\u00fchrliche Einweisung und jeder bekam Sicherheitsausr\u00fcstung. Auch der lange Fu\u00dfmarsch hin und zur\u00fcck, der jeweils etwa eine Stunde dauerte, kam bei allen gut an, weil es eine super Gelegenheit zum Unterhalten und Singen war.<br \/><br \/>Ganz in der N\u00e4he vom Zeltplatz gab es eine Minigolfanlage, die wir nat\u00fcrlich auch einmal besuchten. Die Bahnen waren sch\u00f6n gro\u00df gewesen und es war erlaubt, sie zu betreten. Wir waren alle keine Profis, aber manche schafften trotzdem einen Hole-in-One.<br \/><br \/>Ein Tag war f\u00fcr einen gr\u00f6\u00dferen Ausflug vorgesehen. Die Besonderheit dabei: Es gab zwei Gruppen und jeder durfte sich f\u00fcr die Option entscheiden, die einem selbst am besten gefiel.<br \/>Die eine Gruppe fuhr mit dem Bus nach N\u00fcrnberg und bummelte durch die Stadt. Die Kr\u00f6nung hier war der Besuch der Kaiserburg mit einer super Aussicht auf die Umgebung.<br \/>Die andere Gruppe fuhr in den N\u00fcrnberger Tierpark und beobachtete die verschiedensten Tiere. Das Beste hier war die tolle Delfinshow.<br \/><br \/>Abends erfreute sich das Lagerfeuer gro\u00dfer Beliebtheit, vor allem das Stockbrot an einem Tag und das Werwolf-Spiel an einem anderen. Musik durfte w\u00e4hrend der ganzen Zeit nat\u00fcrlich ebenfalls nicht fehlen. Dabei wurden die W\u00fcnsche von uns fast immer ber\u00fccksichtigt.<br \/><br \/>Der letzte Abend bot wie auch beim letzten Mal eine Herausforderung f\u00fcr uns Teilnehmer: Wir waren f\u00fcr das Abendessen verantwortlich, was traditionsgem\u00e4\u00df ein selbstgemachtes Drei-G\u00e4nge-Men\u00fc f\u00fcr die ganze Gruppe sein musste. Nach einigen Diskussionen einigten wir uns auf Bruschetta und Tomate-Mozzarella als Vorspeise, Pasta Alfredo als Hauptgericht und Vanille-Pudding zum Abschluss. Es hat allen, sowohl den Teilnehmern als auch den Betreuern, sehr gut geschmeckt. Was wiederum die vielen K\u00f6che, uns, gl\u00fccklich machte.<br \/><br \/>Am Donnerstag ging es dann leider schon sehr fr\u00fch wieder los, ein letztes Fr\u00fchst\u00fcck, alles abbauen und ab in die Autos. M\u00fcde, aber gl\u00fccklich \u00fcber die letzten Tage, r\u00e4umten wir beim Vereinsheim in Darmstadt alle noch aus und verabschiedeten uns schlie\u00dflich voneinander.<br \/><br \/>Zwei Dinge waren uns allen dabei klar: Wir freuten uns schon sehr auf unsere Betten und &#8211;<br \/><br \/>Eine Zeltfreizeit n\u00e4chstes Jahr muss unbedingt wieder sein!<br \/><br \/>Text: Vanessa Bittiger<br \/>","protected":false},"excerpt":{"rendered":"<p>Die diesj\u00e4hrige Zeltfreizeit (6.7. \u2013 10.7.) war wieder mal ein Highlight f\u00fcr den Nachwuchs und der perfekte Start in die Sommerferien. Die Anreise zur Zeltwiese Absberg am Kleinen Brombachsee war [&hellip;]<\/p>\n","protected":false},"author":123457,"featured_media":5304,"comment_status":"closed","ping_status":"closed","sticky":false,"template":"","format":"standard","meta":{"ngg_post_thumbnail":0,"footnotes":""},"categories":[1],"tags":[204,294,295],"class_list":["post-5301","post","type-post","status-publish","format-standard","has-post-thumbnail","hentry","category-verein","tag-nachwuchs","tag-spass","tag-team"],"_links":{"self":[{"href":"https:\/\/www.ttc-darmstadt.de\/blog\/wp-json\/wp\/v2\/posts\/5301","targetHints":{"allow":["GET"]}}],"collection":[{"href":"https:\/\/www.ttc-darmstadt.de\/blog\/wp-json\/wp\/v2\/posts"}],"about":[{"href":"https:\/\/www.ttc-darmstadt.de\/blog\/wp-json\/wp\/v2\/types\/post"}],"author":[{"embeddable":true,"href":"https:\/\/www.ttc-darmstadt.de\/blog\/wp-json\/wp\/v2\/users\/123457"}],"replies":[{"embeddable":true,"href":"https:\/\/www.ttc-darmstadt.de\/blog\/wp-json\/wp\/v2\/comments?post=5301"}],"version-history":[{"count":1,"href":"https:\/\/www.ttc-darmstadt.de\/blog\/wp-json\/wp\/v2\/posts\/5301\/revisions"}],"predecessor-version":[{"id":5302,"href":"https:\/\/www.ttc-darmstadt.de\/blog\/wp-json\/wp\/v2\/posts\/5301\/revisions\/5302"}],"wp:featuredmedia":[{"embeddable":true,"href":"https:\/\/www.ttc-darmstadt.de\/blog\/wp-json\/wp\/v2\/media\/5304"}],"wp:attachment":[{"href":"https:\/\/www.ttc-darmstadt.de\/blog\/wp-json\/wp\/v2\/media?parent=5301"}],"wp:term":[{"taxonomy":"category","embeddable":true,"href":"https:\/\/www.ttc-darmstadt.de\/blog\/wp-json\/wp\/v2\/categories?post=5301"},{"taxonomy":"post_tag","embeddable":true,"href":"https:\/\/www.ttc-darmstadt.de\/blog\/wp-json\/wp\/v2\/tags?post=5301"}],"curies":[{"name":"wp","href":"https:\/\/api.w.org\/{rel}","templated":true}]}}