{"id":5294,"date":"2025-07-12T15:44:29","date_gmt":"2025-07-12T13:44:29","guid":{"rendered":"https:\/\/www.ttc-darmstadt.de\/blog\/?p=5294"},"modified":"2025-07-12T16:13:51","modified_gmt":"2025-07-12T14:13:51","slug":"sommerfest-und-vierter-tag-der-legenden","status":"publish","type":"post","link":"https:\/\/www.ttc-darmstadt.de\/blog\/sommerfest-und-vierter-tag-der-legenden\/","title":{"rendered":"Sommerfest und vierter &#8222;Tag der Legenden&#8220;"},"content":{"rendered":"\n<p>Wir laden euch alle herzlich zu unserem Sommerfest am Samstag &#8211; den 16. August 2025 &#8211; ab 15.00 Uhr auf dem TTC Gel\u00e4nde ein. Begonnen wird mit Kaffee und Kuchen, ehe es am Abend Kesselgulasch und Gegrilltes geben wird. <br><br>Gleichzeitig zum Sommerfest findet der vierte TAG DER LEGENDEN statt.  TTC\u2019ler\/-innen der fr\u00fcheren und jetzigen Jahre treffen sich zum Plaudern und Tischtennisspielen.<br>Das bereits 2017, 2019 und 2023 durchgef\u00fchrte Treffen der Legenden brachte allen Teilnehmern so viel Spa\u00df, dass wir nun zum vierten Male einladen, um Erinnerungen an die gute alte Zeit auszutauschen.<br><br>Nat\u00fcrlich sind auch die (Ehe-)Partner herzlich eingeladen. Da wir ein Tischtennisverein sind, wird auch ein kleines Schleifchenturnier ausgetragen. Das Ganze findet rund um das Clubheim des 1. TTC und in der Turnhalle der Friedrich-Ebert-Schule im Heimst\u00e4ttenweg 99c statt.<br><br>Wir freuen uns, wenn wir euch begr\u00fc\u00dfen k\u00f6nnen. Sagt uns bitte bald, Bescheid, ob ihr dabei seid.<br><br>Ihr erreicht uns unter der E-Mail-Adresse: gitte.spiess(at)gmx.de, Telefon-Nr.: 0172 8360239 (Brigitte Spie\u00df) oder wolf7_ttc(at)yahoo.de  Telefon-Nr.: 0151 24173145 (Wolfgang Schmidt).<br><br>Gute Laune m\u00fcsst ihr selbst mitbringen, f\u00fcr den Rest sorgen wir.<br><br>Wir erwarten und freuen uns auf euch.<br>Euer Vergn\u00fcgungsausschuss <br><\/p>\n","protected":false},"excerpt":{"rendered":"<p>Wir laden euch alle herzlich zu unserem Sommerfest am Samstag &#8211; den 16. August 2025 &#8211; ab 15.00 Uhr auf dem TTC Gel\u00e4nde ein. Begonnen wird mit Kaffee und Kuchen, [&hellip;]<\/p>\n","protected":false},"author":123457,"featured_media":5299,"comment_status":"closed","ping_status":"closed","sticky":false,"template":"","format":"standard","meta":{"ngg_post_thumbnail":0,"footnotes":""},"categories":[1],"tags":[144,52],"class_list":["post-5294","post","type-post","status-publish","format-standard","has-post-thumbnail","hentry","category-verein","tag-darmstadt","tag-tischtennis"],"_links":{"self":[{"href":"https:\/\/www.ttc-darmstadt.de\/blog\/wp-json\/wp\/v2\/posts\/5294","targetHints":{"allow":["GET"]}}],"collection":[{"href":"https:\/\/www.ttc-darmstadt.de\/blog\/wp-json\/wp\/v2\/posts"}],"about":[{"href":"https:\/\/www.ttc-darmstadt.de\/blog\/wp-json\/wp\/v2\/types\/post"}],"author":[{"embeddable":true,"href":"https:\/\/www.ttc-darmstadt.de\/blog\/wp-json\/wp\/v2\/users\/123457"}],"replies":[{"embeddable":true,"href":"https:\/\/www.ttc-darmstadt.de\/blog\/wp-json\/wp\/v2\/comments?post=5294"}],"version-history":[{"count":3,"href":"https:\/\/www.ttc-darmstadt.de\/blog\/wp-json\/wp\/v2\/posts\/5294\/revisions"}],"predecessor-version":[{"id":5298,"href":"https:\/\/www.ttc-darmstadt.de\/blog\/wp-json\/wp\/v2\/posts\/5294\/revisions\/5298"}],"wp:featuredmedia":[{"embeddable":true,"href":"https:\/\/www.ttc-darmstadt.de\/blog\/wp-json\/wp\/v2\/media\/5299"}],"wp:attachment":[{"href":"https:\/\/www.ttc-darmstadt.de\/blog\/wp-json\/wp\/v2\/media?parent=5294"}],"wp:term":[{"taxonomy":"category","embeddable":true,"href":"https:\/\/www.ttc-darmstadt.de\/blog\/wp-json\/wp\/v2\/categories?post=5294"},{"taxonomy":"post_tag","embeddable":true,"href":"https:\/\/www.ttc-darmstadt.de\/blog\/wp-json\/wp\/v2\/tags?post=5294"}],"curies":[{"name":"wp","href":"https:\/\/api.w.org\/{rel}","templated":true}]}}