{"id":5292,"date":"2025-07-05T18:36:05","date_gmt":"2025-07-05T16:36:05","guid":{"rendered":"https:\/\/www.ttc-darmstadt.de\/blog\/?p=5292"},"modified":"2025-07-05T18:36:06","modified_gmt":"2025-07-05T16:36:06","slug":"joel-ueberzeugt-bei-hessischer-rangliste-jungen-15","status":"publish","type":"post","link":"https:\/\/www.ttc-darmstadt.de\/blog\/joel-ueberzeugt-bei-hessischer-rangliste-jungen-15\/","title":{"rendered":"Joel \u00fcberzeugt bei Hessischer Rangliste Jungen 15"},"content":{"rendered":"\n<p>Am letzten Wochenende fanden in Schotten die Hessischen Ranglisten der Sch\u00fcler 11 und Jugend 15 statt. In der Jugend 15 (Jahrgang 2011 und j\u00fcnger) ging unser 11-j\u00e4hriges TTC Talent bei hei\u00dfen Sommertemperaturen neben 23 weiteren Spielern an den Start. Joel konnte seine Vorrundengruppe mit f\u00fcnf Einzelsiegen (darunter u.a. zwei starke F\u00fcnfsatzerfolge gegen Adrian Klees (DJK-TTC Ober-Roden) und Coen Vicinus (SG Anspach) f\u00fcr sich entscheiden. Gegen zwei Spieler aus seiner starken Vorrundengruppe unterlag er im vergangenen Jahr noch bei der hessischen Rangliste Jungen 13, so dass er seinen Aufw\u00e4rtstrend dank intensiven und harten Trainingswochen mit diesem Ergebnis souver\u00e4n best\u00e4tigte. Ungeschlagen ging es f\u00fcr ihn in den zweiten Turniertag, an dem die Pl\u00e4tze 1-12 \u2013 zun\u00e4chst \u00fcber zwei Zwischenrundengruppen &#8211; ausgespielt wurden.<\/p>\n\n\n\n<p>In seiner schweren Zwischenrundengruppe starte er mit einer knappen Viersatzniederlage gegen den sp\u00e4teren Ranglistensieger Jonathan Kilian, mit dem er in der Saison zusammen in Nieder-Ramstadt Jugend Hessenliga spielte. Es folgten souver\u00e4ne Viersatzerfolge gegen Jonathan Stoll (TTC Heppenheim) und Dominik Sun (TSG Sulzbach), die ihn als Zweiter in die Finalgruppe (Pl\u00e4tze 1-6) brachten. Auch hier konnte er sich gegen das Ausnahmetalent Manoj Sankara (Jahrgang 2015) sowie Haru Kubota (TTC Bad Homburg) in vier S\u00e4tzen durchsetzen. Damit erreichte er einen starken zweiten Platz bei einer Konkurrenz, die er auch in den n\u00e4chsten beiden Jahren noch spielen kann.<\/p>\n\n\n\n<p>Ein gro\u00dfer Dank geht an Coach Dirk Hertsch und Benny, welche ihn an dem Wochenende unterst\u00fctzten.<\/p>\n\n\n\n<p>Der TTC gratuliert Joel und w\u00fcnscht ihm nun bei der TG Langenselbold (seit 1.7.) alles erdenklich Gute auf seinem weiteren Weg.<\/p>\n\n\n\n<p><br>Ergebnisse: <a href=\"https:\/\/www.httv.de\/turniere\/ergebnisse-mktt\/?mkttid=6492538e\">https:\/\/www.httv.de\/turniere\/ergebnisse-mktt\/?mkttid=6492538e<\/a><\/p>\n\n\n\n<figure class=\"wp-block-image size-large is-resized\"><img loading=\"lazy\" decoding=\"async\" width=\"644\" height=\"859\" src=\"https:\/\/www.ttc-darmstadt.de\/blog\/wp-content\/uploads\/joel-04072025-644x859.jpeg\" alt=\"Joel \u00fcberzeugt bei Hessischer Rangliste Jungen 15\" class=\"wp-image-5291\" style=\"width:479px;height:auto\" srcset=\"https:\/\/www.ttc-darmstadt.de\/blog\/wp-content\/uploads\/joel-04072025-644x859.jpeg 644w, https:\/\/www.ttc-darmstadt.de\/blog\/wp-content\/uploads\/joel-04072025-225x300.jpeg 225w, https:\/\/www.ttc-darmstadt.de\/blog\/wp-content\/uploads\/joel-04072025-768x1024.jpeg 768w, https:\/\/www.ttc-darmstadt.de\/blog\/wp-content\/uploads\/joel-04072025-1152x1536.jpeg 1152w, https:\/\/www.ttc-darmstadt.de\/blog\/wp-content\/uploads\/joel-04072025.jpeg 1200w\" sizes=\"auto, (max-width: 644px) 100vw, 644px\" \/><\/figure>\n","protected":false},"excerpt":{"rendered":"<p>Am letzten Wochenende fanden in Schotten die Hessischen Ranglisten der Sch\u00fcler 11 und Jugend 15 statt. In der Jugend 15 (Jahrgang 2011 und j\u00fcnger) ging unser 11-j\u00e4hriges TTC Talent bei [&hellip;]<\/p>\n","protected":false},"author":123457,"featured_media":5291,"comment_status":"closed","ping_status":"closed","sticky":false,"template":"","format":"standard","meta":{"ngg_post_thumbnail":0,"footnotes":""},"categories":[1],"tags":[],"class_list":["post-5292","post","type-post","status-publish","format-standard","has-post-thumbnail","hentry","category-verein"],"_links":{"self":[{"href":"https:\/\/www.ttc-darmstadt.de\/blog\/wp-json\/wp\/v2\/posts\/5292","targetHints":{"allow":["GET"]}}],"collection":[{"href":"https:\/\/www.ttc-darmstadt.de\/blog\/wp-json\/wp\/v2\/posts"}],"about":[{"href":"https:\/\/www.ttc-darmstadt.de\/blog\/wp-json\/wp\/v2\/types\/post"}],"author":[{"embeddable":true,"href":"https:\/\/www.ttc-darmstadt.de\/blog\/wp-json\/wp\/v2\/users\/123457"}],"replies":[{"embeddable":true,"href":"https:\/\/www.ttc-darmstadt.de\/blog\/wp-json\/wp\/v2\/comments?post=5292"}],"version-history":[{"count":1,"href":"https:\/\/www.ttc-darmstadt.de\/blog\/wp-json\/wp\/v2\/posts\/5292\/revisions"}],"predecessor-version":[{"id":5293,"href":"https:\/\/www.ttc-darmstadt.de\/blog\/wp-json\/wp\/v2\/posts\/5292\/revisions\/5293"}],"wp:featuredmedia":[{"embeddable":true,"href":"https:\/\/www.ttc-darmstadt.de\/blog\/wp-json\/wp\/v2\/media\/5291"}],"wp:attachment":[{"href":"https:\/\/www.ttc-darmstadt.de\/blog\/wp-json\/wp\/v2\/media?parent=5292"}],"wp:term":[{"taxonomy":"category","embeddable":true,"href":"https:\/\/www.ttc-darmstadt.de\/blog\/wp-json\/wp\/v2\/categories?post=5292"},{"taxonomy":"post_tag","embeddable":true,"href":"https:\/\/www.ttc-darmstadt.de\/blog\/wp-json\/wp\/v2\/tags?post=5292"}],"curies":[{"name":"wp","href":"https:\/\/api.w.org\/{rel}","templated":true}]}}