{"id":5198,"date":"2025-04-23T17:47:33","date_gmt":"2025-04-23T15:47:33","guid":{"rendered":"https:\/\/www.ttc-darmstadt.de\/blog\/?p=5198"},"modified":"2025-04-24T13:24:24","modified_gmt":"2025-04-24T11:24:24","slug":"joel-in-linz-erneut-auf-dem-podium-starker-zweiter-platz-bei-den-24-youth-championships-open-in-linz","status":"publish","type":"post","link":"https:\/\/www.ttc-darmstadt.de\/blog\/joel-in-linz-erneut-auf-dem-podium-starker-zweiter-platz-bei-den-24-youth-championships-open-in-linz\/","title":{"rendered":"Joel in Linz erneut auf dem Podium \u2013 Starker Zweiter Platz bei den 24. Youth Championships Open in Linz"},"content":{"rendered":"\n<p>Wie auch in den letzten beiden Jahren ging es f\u00fcr Joel \u00fcber Ostern nach Linz. Von Gr\u00fcndonnerstag bis Ostermontag spielten \u00fcber 300 Teilnehmerinnen und Teilnehmer aus 25 verschiedenen Nationen die Titel aus. Das Turnier, wo man international sehr gute Erfahrungen sammeln kann, ist in einem Team- und in einen Einzelwettbewerb unterteilt. Joel fuhr in diesem Jahr mit einer Delegation vom TV Eschersheim nach \u00d6sterreich. Im Teamwettbewerb der Jungen 13 (Jahrg\u00e4nge 2012\/2013) ging er mit Alex Bil (2014) an den Start. Beide belegten am Ende einen guten sechsten Platz. Gegen die beiden sp\u00e4teren drittplatzierten Teams unterlag man \u00e4u\u00dferst knapp mit 2:3, das Doppel jeweils im f\u00fcnften Satz. Hier bezwang Joel u.a. zwei Schweizer Nachwuchsnationalspieler, musste sich in zw\u00f6lf Einzeln bei der Teamkonkurrenz lediglich einem Spieler aus Frankreich geschlagen geben.<\/p>\n\n\n\n<p>In der Einzelkonkurrenz erwischte Joel eine starke Dreiergruppe. Gegen den sp\u00e4teren Turniersieger Maxence Jaffrennou (Frankreich) war kein Kraut gewachsen, im Spiel um das Weiterkommen in die Championship K.O.-Runde musste gegen Jimmy Wang (\u00d6sterreich) ein Sieg her. Hier behielt er trotz des Drucks in knappen vier S\u00e4tzen die Oberhand. Wie stark Wang einzustufen war, zeigt dessen Erfolg in der Trostrunde, die er souver\u00e4n gewann und dort u.a. zwei deutsche Landeskaderspieler schlug. Die K.O.- Runde begann f\u00fcr Joel mit einem klaren Dreisatzerfolg gegen einen Tschechen, ehe er in vier S\u00e4tzen einen Landeskaderspieler aus Th\u00fcringen in vier S\u00e4tzen bezwingen konnte. Im Viertelfinale wartete mit Silas Stalder ein Schweizer Nationalspieler, gegen den er im Teamwettbewerb relativ klar am Vortag gewann. Diesmal waren die S\u00e4tze etwas enger, doch auch hier siegte Joel mit 3:1 S\u00e4tzen. Im Halbfinale traf er auf den Engl\u00e4nder Rishaan Sawant \u2013 und welch \u00dcberraschung \u2013 Joel konnte wieder in vier S\u00e4tzen \u00fcberzeugen und in das Finale einziehen. Hier traf er auf seinen Vorrundengegner Jaffrennou und zog in drei S\u00e4tzen den K\u00fcrzeren. Trotz der Niederlage zeigte Joel ein sehr starkes Turnier, zumal er von 19 Einzeln (im Einzel- und Teamwettbewerb) 16 f\u00fcr sich entscheiden konnte. Zudem kann er die Konkurrenz auch noch im n\u00e4chsten Jahr spielen und verbesserte sich im Vergleich zum Vorjahr um einen Platz, als er 2024 bei den Jungen 11 Dritter wurde. Herzlichen Dank an dieser Stelle an den TV Eschersheim, der Joel in den f\u00fcnf Tagen sehr gut betreute und mit auf Reise nahm.<\/p>\n\n\n\n<p>In den n\u00e4chsten Wochen wird unser Talent sein Trainingspensum nochmal signifikant erh\u00f6hen. Nach dem Bundestalentkaderlehrgang Anfang Mai warten die Hessischen Jahrgangsmeisterschaften und als Highlight auch die Deutschen Meisterschaften der Jugend 15 in Erfurt auf ihn. Den Schlusspunkt kurz vor den Sommerferien ist dann die Hessische Rangliste Jugend 15.<\/p>\n\n\n\n<p><em>Text: Benny; Fotos: Dirk Hertsch<\/em><\/p>\n\n\n\n<figure class=\"wp-block-image size-large is-resized\"><img loading=\"lazy\" decoding=\"async\" width=\"644\" height=\"429\" src=\"https:\/\/www.ttc-darmstadt.de\/blog\/wp-content\/uploads\/Joel-in-Action-644x429.jpg\" alt=\"\" class=\"wp-image-5196\" style=\"width:448px;height:auto\" srcset=\"https:\/\/www.ttc-darmstadt.de\/blog\/wp-content\/uploads\/Joel-in-Action-644x429.jpg 644w, https:\/\/www.ttc-darmstadt.de\/blog\/wp-content\/uploads\/Joel-in-Action-300x200.jpg 300w, https:\/\/www.ttc-darmstadt.de\/blog\/wp-content\/uploads\/Joel-in-Action-768x512.jpg 768w, https:\/\/www.ttc-darmstadt.de\/blog\/wp-content\/uploads\/Joel-in-Action-1536x1024.jpg 1536w, https:\/\/www.ttc-darmstadt.de\/blog\/wp-content\/uploads\/Joel-in-Action.jpg 1600w\" sizes=\"auto, (max-width: 644px) 100vw, 644px\" \/><figcaption class=\"wp-element-caption\">Joel in Action<\/figcaption><\/figure>\n\n\n\n<figure class=\"wp-block-image size-large is-resized\"><img loading=\"lazy\" decoding=\"async\" width=\"644\" height=\"429\" src=\"https:\/\/www.ttc-darmstadt.de\/blog\/wp-content\/uploads\/Alex-Bil-und-Joel-im-Teamwettbewrerb-644x429.jpg\" alt=\"\" class=\"wp-image-5195\" style=\"width:445px;height:auto\" srcset=\"https:\/\/www.ttc-darmstadt.de\/blog\/wp-content\/uploads\/Alex-Bil-und-Joel-im-Teamwettbewrerb-644x429.jpg 644w, https:\/\/www.ttc-darmstadt.de\/blog\/wp-content\/uploads\/Alex-Bil-und-Joel-im-Teamwettbewrerb-300x200.jpg 300w, https:\/\/www.ttc-darmstadt.de\/blog\/wp-content\/uploads\/Alex-Bil-und-Joel-im-Teamwettbewrerb-768x512.jpg 768w, https:\/\/www.ttc-darmstadt.de\/blog\/wp-content\/uploads\/Alex-Bil-und-Joel-im-Teamwettbewrerb-1536x1024.jpg 1536w, https:\/\/www.ttc-darmstadt.de\/blog\/wp-content\/uploads\/Alex-Bil-und-Joel-im-Teamwettbewrerb.jpg 1600w\" sizes=\"auto, (max-width: 644px) 100vw, 644px\" \/><figcaption class=\"wp-element-caption\">Alex Bil und Joel im Teamwettbewerb<\/figcaption><\/figure>\n\n\n\n<figure class=\"wp-block-image size-large is-resized\"><img loading=\"lazy\" decoding=\"async\" width=\"644\" height=\"429\" src=\"https:\/\/www.ttc-darmstadt.de\/blog\/wp-content\/uploads\/Starker-Zweiter-Platz-ini-Linz-1-644x429.jpg\" alt=\"\" class=\"wp-image-5197\" style=\"width:446px;height:auto\" srcset=\"https:\/\/www.ttc-darmstadt.de\/blog\/wp-content\/uploads\/Starker-Zweiter-Platz-ini-Linz-1-644x429.jpg 644w, https:\/\/www.ttc-darmstadt.de\/blog\/wp-content\/uploads\/Starker-Zweiter-Platz-ini-Linz-1-300x200.jpg 300w, https:\/\/www.ttc-darmstadt.de\/blog\/wp-content\/uploads\/Starker-Zweiter-Platz-ini-Linz-1-768x512.jpg 768w, https:\/\/www.ttc-darmstadt.de\/blog\/wp-content\/uploads\/Starker-Zweiter-Platz-ini-Linz-1-1536x1024.jpg 1536w, https:\/\/www.ttc-darmstadt.de\/blog\/wp-content\/uploads\/Starker-Zweiter-Platz-ini-Linz-1.jpg 1600w\" sizes=\"auto, (max-width: 644px) 100vw, 644px\" \/><figcaption class=\"wp-element-caption\">Starker 2. Platz in Linz<\/figcaption><\/figure>\n\n\n\n<p><\/p>\n","protected":false},"excerpt":{"rendered":"<p>Wie auch in den letzten beiden Jahren ging es f\u00fcr Joel \u00fcber Ostern nach Linz. Von Gr\u00fcndonnerstag bis Ostermontag spielten \u00fcber 300 Teilnehmerinnen und Teilnehmer aus 25 verschiedenen Nationen die [&hellip;]<\/p>\n","protected":false},"author":123457,"featured_media":5197,"comment_status":"closed","ping_status":"closed","sticky":false,"template":"","format":"standard","meta":{"ngg_post_thumbnail":0,"footnotes":""},"categories":[1],"tags":[275,144,266],"class_list":["post-5198","post","type-post","status-publish","format-standard","has-post-thumbnail","hentry","category-verein","tag-nachwuchs-2","tag-darmstadt","tag-tischennis"],"_links":{"self":[{"href":"https:\/\/www.ttc-darmstadt.de\/blog\/wp-json\/wp\/v2\/posts\/5198","targetHints":{"allow":["GET"]}}],"collection":[{"href":"https:\/\/www.ttc-darmstadt.de\/blog\/wp-json\/wp\/v2\/posts"}],"about":[{"href":"https:\/\/www.ttc-darmstadt.de\/blog\/wp-json\/wp\/v2\/types\/post"}],"author":[{"embeddable":true,"href":"https:\/\/www.ttc-darmstadt.de\/blog\/wp-json\/wp\/v2\/users\/123457"}],"replies":[{"embeddable":true,"href":"https:\/\/www.ttc-darmstadt.de\/blog\/wp-json\/wp\/v2\/comments?post=5198"}],"version-history":[{"count":2,"href":"https:\/\/www.ttc-darmstadt.de\/blog\/wp-json\/wp\/v2\/posts\/5198\/revisions"}],"predecessor-version":[{"id":5200,"href":"https:\/\/www.ttc-darmstadt.de\/blog\/wp-json\/wp\/v2\/posts\/5198\/revisions\/5200"}],"wp:featuredmedia":[{"embeddable":true,"href":"https:\/\/www.ttc-darmstadt.de\/blog\/wp-json\/wp\/v2\/media\/5197"}],"wp:attachment":[{"href":"https:\/\/www.ttc-darmstadt.de\/blog\/wp-json\/wp\/v2\/media?parent=5198"}],"wp:term":[{"taxonomy":"category","embeddable":true,"href":"https:\/\/www.ttc-darmstadt.de\/blog\/wp-json\/wp\/v2\/categories?post=5198"},{"taxonomy":"post_tag","embeddable":true,"href":"https:\/\/www.ttc-darmstadt.de\/blog\/wp-json\/wp\/v2\/tags?post=5198"}],"curies":[{"name":"wp","href":"https:\/\/api.w.org\/{rel}","templated":true}]}}