{"id":5163,"date":"2025-01-27T17:45:06","date_gmt":"2025-01-27T15:45:06","guid":{"rendered":"https:\/\/www.ttc-darmstadt.de\/blog\/?p=5163"},"modified":"2025-01-27T17:45:08","modified_gmt":"2025-01-27T15:45:08","slug":"zwei-podestplaetze-fuer-joel-bei-den-hessischen-meisterschaften-jungen-13-in-kirchhain","status":"publish","type":"post","link":"https:\/\/www.ttc-darmstadt.de\/blog\/zwei-podestplaetze-fuer-joel-bei-den-hessischen-meisterschaften-jungen-13-in-kirchhain\/","title":{"rendered":"Zwei Podestpl\u00e4tze f\u00fcr Joel bei den Hessischen Meisterschaften Jungen 13 in Kirchhain"},"content":{"rendered":"\n<p>Am Sonntag fanden in Kirchhain die Hessische Meisterschaften der M\u00e4dchen und Jungen 13 (Jahrgang 2012 und j\u00fcnger) statt. TTC Talent Joel ging dort an den Start und konnte seiner Favoritenrolle in der Vorrundengruppe gerecht werden, in dem er alle drei Einzel souver\u00e4n f\u00fcr sich entschied. Im Achtelfinale wurde ihm mit Kaderkollege Noah Reichenauer (SG Bruchk\u00f6bel 1868) der st\u00e4rkste Gruppenzweite zugelost. Joel behielt k\u00fchlen Kopf und zeigte eine taktisch ansprechende Leistung beim klaren 3:0 Erfolg. Im Viertelfinale wartete mit Lander Guzman (TV 1868 e.V. Bad Orb) einer seiner Angstgegner, da Joel diesen noch nie bezwingen konnte. Trotz verlorenem ersten Satz konnte unser Abwehrtalent die folgenden S\u00e4tze (alle jeweils 11:5) klar f\u00fcr sich entscheiden. Im Halbfinale unterlag er seinen Vereinskameraden im Jugendbereich und dem sp\u00e4teren Hessenmeister &#8211; Jonathan Kilian (TSV Nieder-Ramstadt) &#8211; in vier S\u00e4tzen. Mit Platz drei kann er zufrieden sein, da er ebenso wie Jonathan und der Zweitplatzierte auch im kommenden Jahr noch in der Konkurrenz Jungen 13 starten darf.<\/p>\n\n\n\n<p>In der Doppelkonkurrenz konnte er zusammen mit Jonathan den Titel in einem sehenswerten Finale holen, welches \u00fcber die volle Distanz ausgetragen wurde. Am Ende hatten sie gegen das starke Doppel Niklas Wasse (TV 1894 Okarben, im Einzel Zweiter) und Adrian Klees (DJK TTC Ober-Roden \u2013 im Einzel Dritter) das bessere Ende auf Ihrer Seite und drehten einen 1:2 Satzr\u00fcckstand. Nach dem Turnier ging es f\u00fcr ihn zusammen mit Jonathan unmittelbar direkt zum DTTB Lehrgang nach Frankfurt, wo er in den n\u00e4chsten vier Tagen mit den besten Nachwuchsspielern Deutschlands der Jahrg\u00e4nge 2012 und j\u00fcnger intensiv trainieren kann.<\/p>\n\n\n\n<p><em>Text und Fotos: Benny Knye<\/em><\/p>\n\n\n\n<figure class=\"wp-block-image size-large is-resized\"><img loading=\"lazy\" decoding=\"async\" width=\"644\" height=\"859\" src=\"https:\/\/www.ttc-darmstadt.de\/blog\/wp-content\/uploads\/Joel-und-Jonathan-Kilian-\u2013-Hessenmeister-im-Doppel-644x859.jpg\" alt=\"Joel und Jonathan Kilian \u2013 Hessenmeister im Doppel\" class=\"wp-image-5166\" style=\"width:336px;height:auto\" srcset=\"https:\/\/www.ttc-darmstadt.de\/blog\/wp-content\/uploads\/Joel-und-Jonathan-Kilian-\u2013-Hessenmeister-im-Doppel-644x859.jpg 644w, https:\/\/www.ttc-darmstadt.de\/blog\/wp-content\/uploads\/Joel-und-Jonathan-Kilian-\u2013-Hessenmeister-im-Doppel-225x300.jpg 225w, https:\/\/www.ttc-darmstadt.de\/blog\/wp-content\/uploads\/Joel-und-Jonathan-Kilian-\u2013-Hessenmeister-im-Doppel-768x1024.jpg 768w, https:\/\/www.ttc-darmstadt.de\/blog\/wp-content\/uploads\/Joel-und-Jonathan-Kilian-\u2013-Hessenmeister-im-Doppel-1152x1536.jpg 1152w, https:\/\/www.ttc-darmstadt.de\/blog\/wp-content\/uploads\/Joel-und-Jonathan-Kilian-\u2013-Hessenmeister-im-Doppel.jpg 1200w\" sizes=\"auto, (max-width: 644px) 100vw, 644px\" \/><figcaption class=\"wp-element-caption\">Joel und Jonathan Kilian \u2013 Hessenmeister im Doppel<\/figcaption><\/figure>\n\n\n\n<figure class=\"wp-block-image size-large is-resized\"><img loading=\"lazy\" decoding=\"async\" width=\"644\" height=\"859\" src=\"https:\/\/www.ttc-darmstadt.de\/blog\/wp-content\/uploads\/Toller-Dritter-Platz-fuer-Joel-644x859.jpg\" alt=\"Toller Dritter Platz f\u00fcr Joel\" class=\"wp-image-5165\" style=\"width:340px;height:auto\" srcset=\"https:\/\/www.ttc-darmstadt.de\/blog\/wp-content\/uploads\/Toller-Dritter-Platz-fuer-Joel-644x859.jpg 644w, https:\/\/www.ttc-darmstadt.de\/blog\/wp-content\/uploads\/Toller-Dritter-Platz-fuer-Joel-225x300.jpg 225w, https:\/\/www.ttc-darmstadt.de\/blog\/wp-content\/uploads\/Toller-Dritter-Platz-fuer-Joel-768x1024.jpg 768w, https:\/\/www.ttc-darmstadt.de\/blog\/wp-content\/uploads\/Toller-Dritter-Platz-fuer-Joel-1152x1536.jpg 1152w, https:\/\/www.ttc-darmstadt.de\/blog\/wp-content\/uploads\/Toller-Dritter-Platz-fuer-Joel.jpg 1200w\" sizes=\"auto, (max-width: 644px) 100vw, 644px\" \/><figcaption class=\"wp-element-caption\">Toller Dritter Platz f\u00fcr Joel<\/figcaption><\/figure>\n","protected":false},"excerpt":{"rendered":"<p>Am Sonntag fanden in Kirchhain die Hessische Meisterschaften der M\u00e4dchen und Jungen 13 (Jahrgang 2012 und j\u00fcnger) statt. TTC Talent Joel ging dort an den Start und konnte seiner Favoritenrolle [&hellip;]<\/p>\n","protected":false},"author":123457,"featured_media":5165,"comment_status":"closed","ping_status":"closed","sticky":false,"template":"","format":"standard","meta":{"ngg_post_thumbnail":0,"footnotes":""},"categories":[1],"tags":[144,204,52],"class_list":["post-5163","post","type-post","status-publish","format-standard","has-post-thumbnail","hentry","category-verein","tag-darmstadt","tag-nachwuchs","tag-tischtennis"],"_links":{"self":[{"href":"https:\/\/www.ttc-darmstadt.de\/blog\/wp-json\/wp\/v2\/posts\/5163","targetHints":{"allow":["GET"]}}],"collection":[{"href":"https:\/\/www.ttc-darmstadt.de\/blog\/wp-json\/wp\/v2\/posts"}],"about":[{"href":"https:\/\/www.ttc-darmstadt.de\/blog\/wp-json\/wp\/v2\/types\/post"}],"author":[{"embeddable":true,"href":"https:\/\/www.ttc-darmstadt.de\/blog\/wp-json\/wp\/v2\/users\/123457"}],"replies":[{"embeddable":true,"href":"https:\/\/www.ttc-darmstadt.de\/blog\/wp-json\/wp\/v2\/comments?post=5163"}],"version-history":[{"count":2,"href":"https:\/\/www.ttc-darmstadt.de\/blog\/wp-json\/wp\/v2\/posts\/5163\/revisions"}],"predecessor-version":[{"id":5167,"href":"https:\/\/www.ttc-darmstadt.de\/blog\/wp-json\/wp\/v2\/posts\/5163\/revisions\/5167"}],"wp:featuredmedia":[{"embeddable":true,"href":"https:\/\/www.ttc-darmstadt.de\/blog\/wp-json\/wp\/v2\/media\/5165"}],"wp:attachment":[{"href":"https:\/\/www.ttc-darmstadt.de\/blog\/wp-json\/wp\/v2\/media?parent=5163"}],"wp:term":[{"taxonomy":"category","embeddable":true,"href":"https:\/\/www.ttc-darmstadt.de\/blog\/wp-json\/wp\/v2\/categories?post=5163"},{"taxonomy":"post_tag","embeddable":true,"href":"https:\/\/www.ttc-darmstadt.de\/blog\/wp-json\/wp\/v2\/tags?post=5163"}],"curies":[{"name":"wp","href":"https:\/\/api.w.org\/{rel}","templated":true}]}}