{"id":5155,"date":"2025-01-14T10:40:59","date_gmt":"2025-01-14T08:40:59","guid":{"rendered":"https:\/\/www.ttc-darmstadt.de\/blog\/?p=5155"},"modified":"2025-01-14T10:41:00","modified_gmt":"2025-01-14T08:41:00","slug":"1-ttc-darmstadt-startet-in-die-rueckrundensaison-erfolgreicher-auftakt-fuer-joel-mit-hessen-beim-teamtalentcup","status":"publish","type":"post","link":"https:\/\/www.ttc-darmstadt.de\/blog\/1-ttc-darmstadt-startet-in-die-rueckrundensaison-erfolgreicher-auftakt-fuer-joel-mit-hessen-beim-teamtalentcup\/","title":{"rendered":"1. TTC Darmstadt startet in die R\u00fcckrundensaison \u2013 Erfolgreicher Auftakt f\u00fcr Joel mit Hessen beim Teamtalentcup"},"content":{"rendered":"\n<p>Am gestrigen Montag startete der 1. TTC Darmstadt in die R\u00fcckrunde. Den Anfang machte das dritte Herrenteam, welches leider beim Tabellenzweiten, TTC Eppertshausen, mit 2:8 verlor. Da einige Teams um den Klassenerhalt als auch um den Aufstieg spielen, werden die n\u00e4chsten vier Monate sicherlich einiges an Spannung erwarten. Ab dieser Woche ist auch das Sonntagstraining zu gewohnten Zeiten wieder m\u00f6glich.<\/p>\n\n\n\n<p>F\u00fcr unseren ersten Mannschaftsspieler Joel startete die R\u00fcckrunde bereits am 2. Januar. Nach Lehrg\u00e4ngen ging es letztes Wochenende mit sieben anderen hessischen Kaderkolleginnen und \u2013&nbsp;kollegen&nbsp;und drei&nbsp;Landestrainer&nbsp;nach Nassau. Dort ermittelten die Landesverb\u00e4nde die besten Teams der Jahrg\u00e4nge 2013 und j\u00fcnger bei den M\u00e4dchen und Jungen. F\u00fcr Joel reichte es zusammen mit Jonathan Kilian, Niklas&nbsp;Wasse&nbsp;und dem erst neunj\u00e4hrigen&nbsp;Manoj&nbsp;Sankara&nbsp;am Ende zum zweiten Platz. Als einer der Topfavoriten zog man nach deutlichen Siegen in der Vorrundengruppe gegen den Westdeutschen Tischtennisverband, Baden-W\u00fcrttemberg und Sachsen-Anhalt&nbsp;in das Viertelfinale ein. Hier bezwang man Th\u00fcringen ebenfalls klar mit 5:0. Im Halbfinale am Sonntag gegen Berlin konnte das Quartett nach starker k\u00e4mpferischer Leistung einen 2:0 R\u00fcckstand aufholen und mit 3.2 ins Finale einziehen. Hier erwies sich Bayern am Ende in den entscheidenden Phasen ein wenig st\u00e4rker&nbsp;&#8211;&nbsp;da Hessen zwei F\u00fcnfsatzspiele&nbsp;&#8211;&nbsp;teilweise mit Matchb\u00e4llen, an den Gegner abgeben musste. Dennoch freute man sich am Ende trotz der 2:3 Niederlage \u00fcber einen guten zweiten Platz. Die M\u00e4dchen aus Hessen konnten ebenfalls den zweiten Platz belegen.<\/p>\n\n\n\n<p>Text: Benny, Fotos: Fung-Lan Wong<\/p>\n\n\n\n<figure class=\"wp-block-image size-large is-resized\"><img loading=\"lazy\" decoding=\"async\" width=\"644\" height=\"483\" src=\"https:\/\/www.ttc-darmstadt.de\/blog\/wp-content\/uploads\/talentcup_nassau-644x483.jpg\" alt=\"Teamtalentcup Nassau\" class=\"wp-image-5158\" style=\"width:383px;height:auto\" srcset=\"https:\/\/www.ttc-darmstadt.de\/blog\/wp-content\/uploads\/talentcup_nassau-644x483.jpg 644w, https:\/\/www.ttc-darmstadt.de\/blog\/wp-content\/uploads\/talentcup_nassau-300x225.jpg 300w, https:\/\/www.ttc-darmstadt.de\/blog\/wp-content\/uploads\/talentcup_nassau-768x576.jpg 768w, https:\/\/www.ttc-darmstadt.de\/blog\/wp-content\/uploads\/talentcup_nassau-1536x1152.jpg 1536w, https:\/\/www.ttc-darmstadt.de\/blog\/wp-content\/uploads\/talentcup_nassau-135x100.jpg 135w, https:\/\/www.ttc-darmstadt.de\/blog\/wp-content\/uploads\/talentcup_nassau.jpg 2000w\" sizes=\"auto, (max-width: 644px) 100vw, 644px\" \/><figcaption class=\"wp-element-caption\">Siegerehrung beim Teamtalentcup in Nassau<\/figcaption><\/figure>\n\n\n\n<figure class=\"wp-block-image size-large is-resized\"><img loading=\"lazy\" decoding=\"async\" width=\"644\" height=\"483\" src=\"https:\/\/www.ttc-darmstadt.de\/blog\/wp-content\/uploads\/talentcup_nassau1-644x483.jpg\" alt=\"Teamtalentcup\" class=\"wp-image-5157\" style=\"width:384px;height:auto\" srcset=\"https:\/\/www.ttc-darmstadt.de\/blog\/wp-content\/uploads\/talentcup_nassau1-644x483.jpg 644w, https:\/\/www.ttc-darmstadt.de\/blog\/wp-content\/uploads\/talentcup_nassau1-300x225.jpg 300w, https:\/\/www.ttc-darmstadt.de\/blog\/wp-content\/uploads\/talentcup_nassau1-768x576.jpg 768w, https:\/\/www.ttc-darmstadt.de\/blog\/wp-content\/uploads\/talentcup_nassau1-1536x1152.jpg 1536w, https:\/\/www.ttc-darmstadt.de\/blog\/wp-content\/uploads\/talentcup_nassau1-2048x1536.jpg 2048w, https:\/\/www.ttc-darmstadt.de\/blog\/wp-content\/uploads\/talentcup_nassau1-135x100.jpg 135w\" sizes=\"auto, (max-width: 644px) 100vw, 644px\" \/><figcaption class=\"wp-element-caption\">Guter R\u00fcckrundenstart f\u00fcr Team Hessen und Joel (6. v. links) beim Team Talentcup<\/figcaption><\/figure>\n","protected":false},"excerpt":{"rendered":"<p>Am gestrigen Montag startete der 1. TTC Darmstadt in die R\u00fcckrunde. Den Anfang machte das dritte Herrenteam, welches leider beim Tabellenzweiten, TTC Eppertshausen, mit 2:8 verlor. Da einige Teams um [&hellip;]<\/p>\n","protected":false},"author":123457,"featured_media":5157,"comment_status":"closed","ping_status":"closed","sticky":false,"template":"","format":"standard","meta":{"ngg_post_thumbnail":0,"footnotes":""},"categories":[1],"tags":[144,272,204,287,266],"class_list":["post-5155","post","type-post","status-publish","format-standard","has-post-thumbnail","hentry","category-verein","tag-darmstadt","tag-httv","tag-nachwuchs","tag-teamtalentcup","tag-tischennis"],"_links":{"self":[{"href":"https:\/\/www.ttc-darmstadt.de\/blog\/wp-json\/wp\/v2\/posts\/5155","targetHints":{"allow":["GET"]}}],"collection":[{"href":"https:\/\/www.ttc-darmstadt.de\/blog\/wp-json\/wp\/v2\/posts"}],"about":[{"href":"https:\/\/www.ttc-darmstadt.de\/blog\/wp-json\/wp\/v2\/types\/post"}],"author":[{"embeddable":true,"href":"https:\/\/www.ttc-darmstadt.de\/blog\/wp-json\/wp\/v2\/users\/123457"}],"replies":[{"embeddable":true,"href":"https:\/\/www.ttc-darmstadt.de\/blog\/wp-json\/wp\/v2\/comments?post=5155"}],"version-history":[{"count":3,"href":"https:\/\/www.ttc-darmstadt.de\/blog\/wp-json\/wp\/v2\/posts\/5155\/revisions"}],"predecessor-version":[{"id":5160,"href":"https:\/\/www.ttc-darmstadt.de\/blog\/wp-json\/wp\/v2\/posts\/5155\/revisions\/5160"}],"wp:featuredmedia":[{"embeddable":true,"href":"https:\/\/www.ttc-darmstadt.de\/blog\/wp-json\/wp\/v2\/media\/5157"}],"wp:attachment":[{"href":"https:\/\/www.ttc-darmstadt.de\/blog\/wp-json\/wp\/v2\/media?parent=5155"}],"wp:term":[{"taxonomy":"category","embeddable":true,"href":"https:\/\/www.ttc-darmstadt.de\/blog\/wp-json\/wp\/v2\/categories?post=5155"},{"taxonomy":"post_tag","embeddable":true,"href":"https:\/\/www.ttc-darmstadt.de\/blog\/wp-json\/wp\/v2\/tags?post=5155"}],"curies":[{"name":"wp","href":"https:\/\/api.w.org\/{rel}","templated":true}]}}