{"id":5137,"date":"2024-10-29T20:02:38","date_gmt":"2024-10-29T18:02:38","guid":{"rendered":"https:\/\/www.ttc-darmstadt.de\/blog\/?p=5137"},"modified":"2024-10-29T20:02:40","modified_gmt":"2024-10-29T18:02:40","slug":"clubheim-mit-stylisch-cooler-graffiti-kunst-verschoenert","status":"publish","type":"post","link":"https:\/\/www.ttc-darmstadt.de\/blog\/clubheim-mit-stylisch-cooler-graffiti-kunst-verschoenert\/","title":{"rendered":"Clubheim mit stylisch cooler Graffiti-Kunst versch\u00f6nert"},"content":{"rendered":"\n<p>Am Montag, 21.10.2024 wurde das lang ersehnte Graffiti-Projekt zum Abschluss<br>gebracht. Der Darmst\u00e4dter K\u00fcnstler Elmar Compes von Spraymobil und sein<br>Kollege Nolli Kupfer ben\u00f6tigten drei Tage, um eine bisher gro\u00dfe trostlose wei\u00dfe<br>Wand des Clubheims vom 1. TTC Darmstadt mit einem Kunstwerk durch<br>zahlreiche sch\u00f6ne Farben zu versch\u00f6nern.<br>Das Projekt begann bereits vor einigen Wochen. Nachdem die Finanzierung<br>gesichert war, wurde der Erstentwurf von Elmar nach Feedback vom Vorstand<br>noch mit kleinen \u00c4nderungen \u00fcberarbeitet. Selbstverst\u00e4ndlich ging es stets um<br>Tischtennis.<br>Bei gutem Wetter stellten Wolle und Friedhelm letzte Woche das Rollger\u00fcst auf,<br>damit beide Sprayer mit drei weiteren sehr hohen Leitern loslegen konnten. Als<br>Erstes wurden am Abend mit einem Beamer die gr\u00f6\u00dferen Konturen der<br>Personen frei per Hand gesprayt. Dann kamen Schablonen (u.a. beim Logo und<br>den Tischtennisb\u00e4llen) zum Einsatz, um millimetergenaue Rundungen und<br>Schriften auf die Wand zu platzieren. F\u00fcr dieses Objekt wurden jede Menge<br>an Spraydosen ben\u00f6tigt.<br>Das Kunstwerk ist ein \u201eEyecatcher\u201c mit dem der 1. TTC schon aus weiter<br>Entfernung erkannt werden kann. Damit erhofft man sich als Verein mehr<br>Aufmerksamkeit.<br>In der Zukunft sind noch evtl. ein Schild an der Einfahrt zur Halle sowie eine<br>Versch\u00f6nerung des Au\u00dfenbereichs bei der Terrasse geplant. Dann kann man<br>hoffentlich bei sch\u00f6nem Wetter die Terrasse in naher Zukunft auch nutzen.<br>Der 1. TTC bedankt sich bei Elmar und Nolli f\u00fcr das sch\u00f6ne gemeinsame Projekt<br>und das coole Endresultat. Ferner auch der Dank an Wolfgang, der an allen Tagen<br>anwesend war, um die Arbeiten zu erm\u00f6glichen. Ein weiteres Dankesch\u00f6n geht<br>an die Personen und Firmen, welche die Sache finanziell unterst\u00fctzt haben.<\/p>\n\n\n\n<p><br><em>Text: Benny Knye<\/em><\/p>\n\n\n\n\n\n<figure class=\"wp-block-gallery has-nested-images columns-default is-cropped wp-block-gallery-1 is-layout-flex wp-block-gallery-is-layout-flex\">\n<figure class=\"wp-block-image size-large\"><img loading=\"lazy\" decoding=\"async\" width=\"644\" height=\"290\" data-id=\"5143\" src=\"https:\/\/www.ttc-darmstadt.de\/blog\/wp-content\/uploads\/graffiti-1_1-644x290.jpg\" alt=\"\" class=\"wp-image-5143\" srcset=\"https:\/\/www.ttc-darmstadt.de\/blog\/wp-content\/uploads\/graffiti-1_1-644x290.jpg 644w, https:\/\/www.ttc-darmstadt.de\/blog\/wp-content\/uploads\/graffiti-1_1-300x135.jpg 300w, https:\/\/www.ttc-darmstadt.de\/blog\/wp-content\/uploads\/graffiti-1_1-768x346.jpg 768w, https:\/\/www.ttc-darmstadt.de\/blog\/wp-content\/uploads\/graffiti-1_1-1536x691.jpg 1536w, https:\/\/www.ttc-darmstadt.de\/blog\/wp-content\/uploads\/graffiti-1_1.jpg 2000w\" sizes=\"auto, (max-width: 644px) 100vw, 644px\" \/><figcaption class=\"wp-element-caption\">Donnerstag 17.10.24<\/figcaption><\/figure>\n\n\n\n<figure class=\"wp-block-image size-large\"><img loading=\"lazy\" decoding=\"async\" width=\"644\" height=\"290\" data-id=\"5142\" src=\"https:\/\/www.ttc-darmstadt.de\/blog\/wp-content\/uploads\/graffiti-2_1-644x290.jpg\" alt=\"\" class=\"wp-image-5142\" srcset=\"https:\/\/www.ttc-darmstadt.de\/blog\/wp-content\/uploads\/graffiti-2_1-644x290.jpg 644w, https:\/\/www.ttc-darmstadt.de\/blog\/wp-content\/uploads\/graffiti-2_1-300x135.jpg 300w, https:\/\/www.ttc-darmstadt.de\/blog\/wp-content\/uploads\/graffiti-2_1-768x346.jpg 768w, https:\/\/www.ttc-darmstadt.de\/blog\/wp-content\/uploads\/graffiti-2_1-1536x691.jpg 1536w, https:\/\/www.ttc-darmstadt.de\/blog\/wp-content\/uploads\/graffiti-2_1.jpg 2000w\" sizes=\"auto, (max-width: 644px) 100vw, 644px\" \/><figcaption class=\"wp-element-caption\">Freitag 18.10.24<\/figcaption><\/figure>\n\n\n\n<figure class=\"wp-block-image size-large\"><img loading=\"lazy\" decoding=\"async\" width=\"644\" height=\"290\" data-id=\"5141\" src=\"https:\/\/www.ttc-darmstadt.de\/blog\/wp-content\/uploads\/graffiti-3_1-644x290.jpg\" alt=\"Graffiti am Clubheim\" class=\"wp-image-5141\" srcset=\"https:\/\/www.ttc-darmstadt.de\/blog\/wp-content\/uploads\/graffiti-3_1-644x290.jpg 644w, https:\/\/www.ttc-darmstadt.de\/blog\/wp-content\/uploads\/graffiti-3_1-300x135.jpg 300w, https:\/\/www.ttc-darmstadt.de\/blog\/wp-content\/uploads\/graffiti-3_1-768x346.jpg 768w, https:\/\/www.ttc-darmstadt.de\/blog\/wp-content\/uploads\/graffiti-3_1-1536x691.jpg 1536w, https:\/\/www.ttc-darmstadt.de\/blog\/wp-content\/uploads\/graffiti-3_1.jpg 2000w\" sizes=\"auto, (max-width: 644px) 100vw, 644px\" \/><figcaption class=\"wp-element-caption\">Montag 21.10.24<\/figcaption><\/figure>\n\n\n\n<figure class=\"wp-block-image size-large\"><img loading=\"lazy\" decoding=\"async\" width=\"644\" height=\"290\" data-id=\"5140\" src=\"https:\/\/www.ttc-darmstadt.de\/blog\/wp-content\/uploads\/graffiti-4_1-644x290.jpg\" alt=\"Graffiti am Clubheim\" class=\"wp-image-5140\" srcset=\"https:\/\/www.ttc-darmstadt.de\/blog\/wp-content\/uploads\/graffiti-4_1-644x290.jpg 644w, https:\/\/www.ttc-darmstadt.de\/blog\/wp-content\/uploads\/graffiti-4_1-300x135.jpg 300w, https:\/\/www.ttc-darmstadt.de\/blog\/wp-content\/uploads\/graffiti-4_1-768x346.jpg 768w, https:\/\/www.ttc-darmstadt.de\/blog\/wp-content\/uploads\/graffiti-4_1-1536x691.jpg 1536w, https:\/\/www.ttc-darmstadt.de\/blog\/wp-content\/uploads\/graffiti-4_1.jpg 2000w\" sizes=\"auto, (max-width: 644px) 100vw, 644px\" \/><figcaption class=\"wp-element-caption\">Fertig<\/figcaption><\/figure>\n<\/figure>\n\n\n\n<p><\/p>\n","protected":false},"excerpt":{"rendered":"<p>Am Montag, 21.10.2024 wurde das lang ersehnte Graffiti-Projekt zum Abschlussgebracht. Der Darmst\u00e4dter K\u00fcnstler Elmar Compes von Spraymobil und seinKollege Nolli Kupfer ben\u00f6tigten drei Tage, um eine bisher gro\u00dfe trostlose wei\u00dfeWand [&hellip;]<\/p>\n","protected":false},"author":123457,"featured_media":5141,"comment_status":"closed","ping_status":"closed","sticky":false,"template":"","format":"standard","meta":{"ngg_post_thumbnail":0,"footnotes":""},"categories":[1],"tags":[274,285,286,52],"class_list":["post-5137","post","type-post","status-publish","format-standard","has-post-thumbnail","hentry","category-verein","tag-darmstadt-2","tag-graffiti","tag-kunst","tag-tischtennis"],"_links":{"self":[{"href":"https:\/\/www.ttc-darmstadt.de\/blog\/wp-json\/wp\/v2\/posts\/5137","targetHints":{"allow":["GET"]}}],"collection":[{"href":"https:\/\/www.ttc-darmstadt.de\/blog\/wp-json\/wp\/v2\/posts"}],"about":[{"href":"https:\/\/www.ttc-darmstadt.de\/blog\/wp-json\/wp\/v2\/types\/post"}],"author":[{"embeddable":true,"href":"https:\/\/www.ttc-darmstadt.de\/blog\/wp-json\/wp\/v2\/users\/123457"}],"replies":[{"embeddable":true,"href":"https:\/\/www.ttc-darmstadt.de\/blog\/wp-json\/wp\/v2\/comments?post=5137"}],"version-history":[{"count":5,"href":"https:\/\/www.ttc-darmstadt.de\/blog\/wp-json\/wp\/v2\/posts\/5137\/revisions"}],"predecessor-version":[{"id":5146,"href":"https:\/\/www.ttc-darmstadt.de\/blog\/wp-json\/wp\/v2\/posts\/5137\/revisions\/5146"}],"wp:featuredmedia":[{"embeddable":true,"href":"https:\/\/www.ttc-darmstadt.de\/blog\/wp-json\/wp\/v2\/media\/5141"}],"wp:attachment":[{"href":"https:\/\/www.ttc-darmstadt.de\/blog\/wp-json\/wp\/v2\/media?parent=5137"}],"wp:term":[{"taxonomy":"category","embeddable":true,"href":"https:\/\/www.ttc-darmstadt.de\/blog\/wp-json\/wp\/v2\/categories?post=5137"},{"taxonomy":"post_tag","embeddable":true,"href":"https:\/\/www.ttc-darmstadt.de\/blog\/wp-json\/wp\/v2\/tags?post=5137"}],"curies":[{"name":"wp","href":"https:\/\/api.w.org\/{rel}","templated":true}]}}