{"id":5133,"date":"2024-10-27T20:06:23","date_gmt":"2024-10-27T18:06:23","guid":{"rendered":"https:\/\/www.ttc-darmstadt.de\/blog\/?p=5133"},"modified":"2024-10-27T20:10:18","modified_gmt":"2024-10-27T18:10:18","slug":"joel-mit-ueberragender-vorstellung-bei-bundesrangliste-top32-jungen-13-starker-siebter-platz","status":"publish","type":"post","link":"https:\/\/www.ttc-darmstadt.de\/blog\/joel-mit-ueberragender-vorstellung-bei-bundesrangliste-top32-jungen-13-starker-siebter-platz\/","title":{"rendered":"Joel mit \u00fcberragender Vorstellung bei Bundesrangliste Top32 Jungen 13 \u2013 Starker siebter Platz"},"content":{"rendered":"\n<p>Am Wochenende war Joel einer von vier m\u00e4nnlichen Talenten, welche zusammen mit sechs weiblichen Kaderspielerinnen f\u00fcr den hessischen Verband in Bergisch-Gladbach bei der Bundesrangliste W13\/J13 (Jahrg\u00e4nge 2012 und j\u00fcnger) an den Start gingen. Dieses Turnier ist das Wichtigste in der Altersgruppe und sehr prestigereich. Seit Wochen haben sich die Teilnehmerinnen und Teilnehmer auf dieses Turnier intensiv vorbereitet.<\/p>\n\n\n\n<p>In der Vorrunde am Samstag wurde in vier Achtergruppen gespielt. Joel erwischte die mit Abstand schwerste Gruppe, da er u.a. mit Jeffrey Wei (1910 TTR Punkte, Hamburger Tischtennisverband, Nationalspieler Sch\u00fcler DTTB), Benno Dettmer (Niedersachsen, Talentkaderspieler DTTB), Dorian Lheriau (Westdeutscher Verband, Talentkaderspieler DTTB) und Felix Heidemann (1732 TTR, Bayern) vier harte Brocken in der Vorrundengruppe hatte. Doch Joel erwischte einen Sahnetag. Nachdem er im ersten Spiel seinen Talentkaderkollegen Dettmer in f\u00fcnf S\u00e4tzen nach 1:2 Satzr\u00fcckstand niederk\u00e4mpfe, konnte er auch sein zweites Einzel klar in drei S\u00e4tzen f\u00fcr sich entscheiden. Im dritten Spiel folgte die \u00dcberraschung. Mit einem klaren 11:4, 11:3 und 11:1 bezwang er den an Nummer eins gesetzten Turnierfavoriten Jeffrey Wei, ehe er auch gegen den h\u00f6her eingestuften Heidemann ein klaren Dreisatzerfolg f\u00fcr sich verbuchen konnte. Im f\u00fcnften Spiel musste er seine erste Niederlage gegen Lheriau einstecken. Dieses Talent aus D\u00fcsseldorf bezwang ihn aber schon Anfang des Jahres ziemlich deutlich und hatte gegen sein Abwehrspiel auch am Samstag keinerlei Probleme. Trotz der Niederlage konnte Joel seine beiden letzten Gegner mit 3:0 S\u00e4tzen bezwingen und ging somit als Gruppensieger aus Tag eins hervor. Spiel- und satzgleich mit Talentkaderkollege Dettmer gab hier das bessere Ballverh\u00e4ltnis f\u00fcr unseren 10-j\u00e4hrigen den Ausschlag.<\/p>\n\n\n\n<p>Durch seine Platzierung spielte Joel am Sonntag um die Pl\u00e4tze 1-12. Das Lospech blieb ihm leider treu, so dass er mit Paul Flemming (Sachsen, 1813 TTR) auf den an Nummer zwei gesetzten Spieler traf, der auch als Turnierfavorit im Vorfeld eingestuft wurde. Gegen ihn unterlag er Anfang des Jahres noch deutlich mit 0:3. Doch diesmal zeigte Joel eine k\u00e4mpferische und spielerisch sehr starke Leistung und ging sogar mit 2:0 S\u00e4tzen in F\u00fchrung. Leider verlor er den vierten Satz mit 10:12 in Verl\u00e4ngerung, sodass er am Ende in f\u00fcnf S\u00e4tzen unterlag und somit die Chance auf eine Medaille \u00e4u\u00dferst knapp verpasste.<\/p>\n\n\n\n<p>Wer nun meinte, dass Joel durch die Niederlange mental Schiffbruch erlitt, wurde eines Besseren belehrt. Im Spiel um Platz 5-8 konnte er Falco Vorbeck (Westdeutscher Verband) in vier S\u00e4tzen bezwingen. In der n\u00e4chsten Runde wartete mit Jonathan Kraft (1798 TTR, DTTB Talentkaderspieler, pf\u00e4lzischer Tischtennisverband) ein harter Brocken, den er nach drei S\u00e4tzen gratulieren musste. Um Spiel um Platz sieben traf Joel jetzt erneut auf Lheriau. W\u00e4hrend er am Vortag noch klar den K\u00fcrzeren zog, behielt er diesmal in vier S\u00e4tzen die Oberhand und konnte die knappen S\u00e4tze vor allem dank einer sehr starken mentalen Leistung f\u00fcr sich entscheiden. Mit Platz sieben von 32 Teilnehmern in einem Feld, wo er auch n\u00e4chstes Jahr noch antreten kann, kann Joel als bester hessischer m\u00e4nnlicher Teilnehmer mit dem Turnier sehr zufrieden und happy sein. Dass aus seiner Vorrundengruppe vier Spieler unter den ersten acht Spielern sind, zeigt zudem, wie stark seine Leistung am Samstag als Gruppensieger zu bewerten ist.<\/p>\n\n\n\n<p>Der 1.TTC gratuliert Joel zu diesem sensationellen Erfolg.<\/p>\n\n\n\n<p><em>Text: Benny<\/em><\/p>\n","protected":false},"excerpt":{"rendered":"<p>Am Wochenende war Joel einer von vier m\u00e4nnlichen Talenten, welche zusammen mit sechs weiblichen Kaderspielerinnen f\u00fcr den hessischen Verband in Bergisch-Gladbach bei der Bundesrangliste W13\/J13 (Jahrg\u00e4nge 2012 und j\u00fcnger) an [&hellip;]<\/p>\n","protected":false},"author":123457,"featured_media":5130,"comment_status":"closed","ping_status":"closed","sticky":false,"template":"","format":"standard","meta":{"ngg_post_thumbnail":0,"footnotes":""},"categories":[1],"tags":[144,204,52],"class_list":["post-5133","post","type-post","status-publish","format-standard","has-post-thumbnail","hentry","category-verein","tag-darmstadt","tag-nachwuchs","tag-tischtennis"],"_links":{"self":[{"href":"https:\/\/www.ttc-darmstadt.de\/blog\/wp-json\/wp\/v2\/posts\/5133","targetHints":{"allow":["GET"]}}],"collection":[{"href":"https:\/\/www.ttc-darmstadt.de\/blog\/wp-json\/wp\/v2\/posts"}],"about":[{"href":"https:\/\/www.ttc-darmstadt.de\/blog\/wp-json\/wp\/v2\/types\/post"}],"author":[{"embeddable":true,"href":"https:\/\/www.ttc-darmstadt.de\/blog\/wp-json\/wp\/v2\/users\/123457"}],"replies":[{"embeddable":true,"href":"https:\/\/www.ttc-darmstadt.de\/blog\/wp-json\/wp\/v2\/comments?post=5133"}],"version-history":[{"count":2,"href":"https:\/\/www.ttc-darmstadt.de\/blog\/wp-json\/wp\/v2\/posts\/5133\/revisions"}],"predecessor-version":[{"id":5136,"href":"https:\/\/www.ttc-darmstadt.de\/blog\/wp-json\/wp\/v2\/posts\/5133\/revisions\/5136"}],"wp:featuredmedia":[{"embeddable":true,"href":"https:\/\/www.ttc-darmstadt.de\/blog\/wp-json\/wp\/v2\/media\/5130"}],"wp:attachment":[{"href":"https:\/\/www.ttc-darmstadt.de\/blog\/wp-json\/wp\/v2\/media?parent=5133"}],"wp:term":[{"taxonomy":"category","embeddable":true,"href":"https:\/\/www.ttc-darmstadt.de\/blog\/wp-json\/wp\/v2\/categories?post=5133"},{"taxonomy":"post_tag","embeddable":true,"href":"https:\/\/www.ttc-darmstadt.de\/blog\/wp-json\/wp\/v2\/tags?post=5133"}],"curies":[{"name":"wp","href":"https:\/\/api.w.org\/{rel}","templated":true}]}}