{"id":5115,"date":"2024-09-05T10:37:57","date_gmt":"2024-09-05T08:37:57","guid":{"rendered":"https:\/\/www.ttc-darmstadt.de\/blog\/?p=5115"},"modified":"2024-09-05T10:37:59","modified_gmt":"2024-09-05T08:37:59","slug":"bestes-wetter-bei-der-siedlerkerb-2024","status":"publish","type":"post","link":"https:\/\/www.ttc-darmstadt.de\/blog\/bestes-wetter-bei-der-siedlerkerb-2024\/","title":{"rendered":"Bestes Wetter bei der Siedlerkerb 2024"},"content":{"rendered":"\n<p>So lange geplant und vorbereitet und so schnell wieder vorbei, die Siedlerkerb. Ich wei\u00df nicht, wie viele Kilometer das Orgateam alleine an diesen 4 Tagen gelaufen ist. Obwohl wir uns alle auf die Kerb gefreut haben und auch viel Spa\u00df hatten, waren wir doch froh, als das Siedlerlied von der B\u00fchne hallte und das Ende der Kerb ank\u00fcndigte.<\/p>\n\n\n\n<p>Die gro\u00dfe Hitze hat uns doch sehr zugesetzt. Da uns der Herrgott uns Siedler doch sehr lieb gehabt. Aber nach der Kerb ist vor der Kerb und wir freuen uns schon auf n\u00e4chstes Jahr, wenn es wieder hei\u00dft: Die Siedlung lebt &#8211; feiern verbindet.<\/p>\n\n\n\n<p>Ich muss aber erw\u00e4hnen, dass das Orgateam nicht alleine stand, sondern sehr viele tatkr\u00e4ftige Helfer hatte. Allen gilt unser herzlicher Dank.<\/p>\n\n\n\n<p><em>Text und Bild: Brigitte<\/em><\/p>\n\n\n\n<figure class=\"wp-block-image size-large is-resized\"><img loading=\"lazy\" decoding=\"async\" width=\"644\" height=\"483\" src=\"https:\/\/www.ttc-darmstadt.de\/blog\/wp-content\/uploads\/siedlerkerb2-644x483.jpg\" alt=\"\" class=\"wp-image-5113\" style=\"width:506px;height:auto\" srcset=\"https:\/\/www.ttc-darmstadt.de\/blog\/wp-content\/uploads\/siedlerkerb2-644x483.jpg 644w, https:\/\/www.ttc-darmstadt.de\/blog\/wp-content\/uploads\/siedlerkerb2-300x225.jpg 300w, https:\/\/www.ttc-darmstadt.de\/blog\/wp-content\/uploads\/siedlerkerb2-768x576.jpg 768w, https:\/\/www.ttc-darmstadt.de\/blog\/wp-content\/uploads\/siedlerkerb2-135x100.jpg 135w, https:\/\/www.ttc-darmstadt.de\/blog\/wp-content\/uploads\/siedlerkerb2.jpg 1500w\" sizes=\"auto, (max-width: 644px) 100vw, 644px\" \/><figcaption class=\"wp-element-caption\">Gute Stimmung bei den Helfern<\/figcaption><\/figure>\n\n\n\n<figure class=\"wp-block-image size-large is-resized\"><img loading=\"lazy\" decoding=\"async\" width=\"644\" height=\"859\" src=\"https:\/\/www.ttc-darmstadt.de\/blog\/wp-content\/uploads\/siedlerkerb4-644x859.jpg\" alt=\"Siedlerkerb\" class=\"wp-image-5114\" style=\"width:349px;height:auto\" srcset=\"https:\/\/www.ttc-darmstadt.de\/blog\/wp-content\/uploads\/siedlerkerb4-644x859.jpg 644w, https:\/\/www.ttc-darmstadt.de\/blog\/wp-content\/uploads\/siedlerkerb4-225x300.jpg 225w, https:\/\/www.ttc-darmstadt.de\/blog\/wp-content\/uploads\/siedlerkerb4-768x1024.jpg 768w, https:\/\/www.ttc-darmstadt.de\/blog\/wp-content\/uploads\/siedlerkerb4-1152x1536.jpg 1152w, https:\/\/www.ttc-darmstadt.de\/blog\/wp-content\/uploads\/siedlerkerb4.jpg 1500w\" sizes=\"auto, (max-width: 644px) 100vw, 644px\" \/><figcaption class=\"wp-element-caption\">Siedlerkerb 2024<\/figcaption><\/figure>\n\n\n\n<figure class=\"wp-block-image size-large is-resized\"><img loading=\"lazy\" decoding=\"async\" width=\"644\" height=\"859\" src=\"https:\/\/www.ttc-darmstadt.de\/blog\/wp-content\/uploads\/siedlerkerb1-644x859.jpg\" alt=\"\" class=\"wp-image-5112\" style=\"width:344px;height:auto\" srcset=\"https:\/\/www.ttc-darmstadt.de\/blog\/wp-content\/uploads\/siedlerkerb1-644x859.jpg 644w, https:\/\/www.ttc-darmstadt.de\/blog\/wp-content\/uploads\/siedlerkerb1-225x300.jpg 225w, https:\/\/www.ttc-darmstadt.de\/blog\/wp-content\/uploads\/siedlerkerb1-768x1024.jpg 768w, https:\/\/www.ttc-darmstadt.de\/blog\/wp-content\/uploads\/siedlerkerb1-1152x1536.jpg 1152w, https:\/\/www.ttc-darmstadt.de\/blog\/wp-content\/uploads\/siedlerkerb1.jpg 1500w\" sizes=\"auto, (max-width: 644px) 100vw, 644px\" \/><figcaption class=\"wp-element-caption\">Kaum noch freie Pl\u00e4tze am Abend <\/figcaption><\/figure>\n\n\n\n<figure class=\"wp-block-image size-large is-resized\"><img loading=\"lazy\" decoding=\"async\" width=\"644\" height=\"859\" src=\"https:\/\/www.ttc-darmstadt.de\/blog\/wp-content\/uploads\/siedlerkerb3-644x859.jpg\" alt=\"Siedlerkerb\" class=\"wp-image-5111\" style=\"width:334px;height:auto\" srcset=\"https:\/\/www.ttc-darmstadt.de\/blog\/wp-content\/uploads\/siedlerkerb3-644x859.jpg 644w, https:\/\/www.ttc-darmstadt.de\/blog\/wp-content\/uploads\/siedlerkerb3-225x300.jpg 225w, https:\/\/www.ttc-darmstadt.de\/blog\/wp-content\/uploads\/siedlerkerb3-768x1024.jpg 768w, https:\/\/www.ttc-darmstadt.de\/blog\/wp-content\/uploads\/siedlerkerb3-1152x1536.jpg 1152w, https:\/\/www.ttc-darmstadt.de\/blog\/wp-content\/uploads\/siedlerkerb3.jpg 1200w\" sizes=\"auto, (max-width: 644px) 100vw, 644px\" \/><figcaption class=\"wp-element-caption\">Die Siedlung lebt &#8211; feiern verbindet<\/figcaption><\/figure>\n\n\n\n<p><\/p>\n\n\n\n<div class=\"wp-block-columns is-layout-flex wp-container-core-columns-is-layout-9d6595d7 wp-block-columns-is-layout-flex\">\n<div class=\"wp-block-column is-layout-flow wp-block-column-is-layout-flow\" style=\"flex-basis:100%\">\n<div class=\"wp-block-group\"><div class=\"wp-block-group__inner-container is-layout-constrained wp-block-group-is-layout-constrained\">\n<div class=\"wp-block-columns is-layout-flex wp-container-core-columns-is-layout-9d6595d7 wp-block-columns-is-layout-flex\">\n<div class=\"wp-block-column is-layout-flow wp-block-column-is-layout-flow\" style=\"flex-basis:25%\"><\/div>\n\n\n\n<div class=\"wp-block-column is-layout-flow wp-block-column-is-layout-flow\" style=\"flex-basis:50%\"><\/div>\n\n\n\n<div class=\"wp-block-column is-layout-flow wp-block-column-is-layout-flow\" style=\"flex-basis:25%\"><\/div>\n<\/div>\n<\/div><\/div>\n<\/div>\n<\/div>\n","protected":false},"excerpt":{"rendered":"<p>So lange geplant und vorbereitet und so schnell wieder vorbei, die Siedlerkerb. Ich wei\u00df nicht, wie viele Kilometer das Orgateam alleine an diesen 4 Tagen gelaufen ist. Obwohl wir uns [&hellip;]<\/p>\n","protected":false},"author":123457,"featured_media":5112,"comment_status":"closed","ping_status":"closed","sticky":false,"template":"","format":"standard","meta":{"ngg_post_thumbnail":0,"footnotes":""},"categories":[1],"tags":[144,284,52,264],"class_list":["post-5115","post","type-post","status-publish","format-standard","has-post-thumbnail","hentry","category-verein","tag-darmstadt","tag-siedlerkerb","tag-tischtennis","tag-veranstaltung"],"_links":{"self":[{"href":"https:\/\/www.ttc-darmstadt.de\/blog\/wp-json\/wp\/v2\/posts\/5115","targetHints":{"allow":["GET"]}}],"collection":[{"href":"https:\/\/www.ttc-darmstadt.de\/blog\/wp-json\/wp\/v2\/posts"}],"about":[{"href":"https:\/\/www.ttc-darmstadt.de\/blog\/wp-json\/wp\/v2\/types\/post"}],"author":[{"embeddable":true,"href":"https:\/\/www.ttc-darmstadt.de\/blog\/wp-json\/wp\/v2\/users\/123457"}],"replies":[{"embeddable":true,"href":"https:\/\/www.ttc-darmstadt.de\/blog\/wp-json\/wp\/v2\/comments?post=5115"}],"version-history":[{"count":1,"href":"https:\/\/www.ttc-darmstadt.de\/blog\/wp-json\/wp\/v2\/posts\/5115\/revisions"}],"predecessor-version":[{"id":5116,"href":"https:\/\/www.ttc-darmstadt.de\/blog\/wp-json\/wp\/v2\/posts\/5115\/revisions\/5116"}],"wp:featuredmedia":[{"embeddable":true,"href":"https:\/\/www.ttc-darmstadt.de\/blog\/wp-json\/wp\/v2\/media\/5112"}],"wp:attachment":[{"href":"https:\/\/www.ttc-darmstadt.de\/blog\/wp-json\/wp\/v2\/media?parent=5115"}],"wp:term":[{"taxonomy":"category","embeddable":true,"href":"https:\/\/www.ttc-darmstadt.de\/blog\/wp-json\/wp\/v2\/categories?post=5115"},{"taxonomy":"post_tag","embeddable":true,"href":"https:\/\/www.ttc-darmstadt.de\/blog\/wp-json\/wp\/v2\/tags?post=5115"}],"curies":[{"name":"wp","href":"https:\/\/api.w.org\/{rel}","templated":true}]}}