{"id":5095,"date":"2024-08-20T09:36:18","date_gmt":"2024-08-20T07:36:18","guid":{"rendered":"https:\/\/www.ttc-darmstadt.de\/blog\/?p=5095"},"modified":"2024-08-20T17:29:49","modified_gmt":"2024-08-20T15:29:49","slug":"joel-startet-bei-den-euro-mini-champs-im-elsaessischen-schiltigheim","status":"publish","type":"post","link":"https:\/\/www.ttc-darmstadt.de\/blog\/joel-startet-bei-den-euro-mini-champs-im-elsaessischen-schiltigheim\/","title":{"rendered":"Joel startet bei den Euro Mini-Champ\u00b4s im els\u00e4\u00dfischen Schiltigheim"},"content":{"rendered":"\n<p><strong>Er geh\u00f6rt dem 14-k\u00f6pfigem deutschen Aufgebot an<\/strong><\/p>\n\n\n\n<p>Das Nelson Mandela Sportzentrum im els\u00e4\u00dfischen Schiltigheim ist von Freitag bis zum Sonntag (23. bis 25. August) wieder Schauplatz der Euro Mini Champ\u2019s. Das reine Einzelturnier f\u00fcr M\u00e4dchen und Jungen der Altersklassen 2011 und j\u00fcnger sowie 2013 und j\u00fcnger galt vor Einf\u00fchrung der offiziellen U13 EM vor zwei Jahren als inoffizielle Europameisterschaft.<br>Auch bei ihrer 18. Auflage sind die Euro Mini Champ\u2019s mit 400 Spielern aus \u00fcber 30 L\u00e4ndern wieder top besetzt. Auch eine japanische Delegation wird am Start sein. Der Deutsche Tischtennisbund (DTTB) hat insgesamt 14 Talente nominiert, darunter auch drei hessische. In der mit \u00fcber 100 Teilnehmern voll besetzten Konkurrenz der Jungen 2013 und j\u00fcnger wird auch unser zehnj\u00e4hrige Joel an die Tische gehen.<br>Die Betreuung der Spieler obliegt bei diesem Turnier den Landesverb\u00e4nden. So werden die hessischen Starter, Kira Aeberhard, Joels Jugendteamkollege Jonathan Kilian und nat\u00fcrlich er selbst von Katharina Szabo und Thomas Hauke betreut und gecoacht. Gespielt wird in Schiltigheim zun\u00e4chst \u00fcber mehrere Gruppenphasen (in denen sicherlich auch Losgl\u00fcck eine gro\u00dfe Rolle spielen wird), ehe es in die K.O.-Runde und Platzierungsspiele geht.<br>Wir w\u00fcnschen Joel und selbstverst\u00e4ndlich auch allen anderen deutschen Startern tolle Erfahrungen und Erlebnisse. Die Daumen werden fest gedr\u00fcckt, dass er ein gutes Ergebnis erzielen wird. Stolz ist der 1. TTC schon jetzt auf ihn.<\/p>\n\n\n\n<p><em>Text und Bild: Benny<\/em><\/p>\n","protected":false},"excerpt":{"rendered":"<p>Er geh\u00f6rt dem 14-k\u00f6pfigem deutschen Aufgebot an Das Nelson Mandela Sportzentrum im els\u00e4\u00dfischen Schiltigheim ist von Freitag bis zum Sonntag (23. bis 25. August) wieder Schauplatz der Euro Mini Champ\u2019s. [&hellip;]<\/p>\n","protected":false},"author":123457,"featured_media":5094,"comment_status":"closed","ping_status":"closed","sticky":false,"template":"","format":"standard","meta":{"ngg_post_thumbnail":0,"footnotes":""},"categories":[1],"tags":[276,144,272,204,52],"class_list":["post-5095","post","type-post","status-publish","format-standard","has-post-thumbnail","hentry","category-verein","tag-dttb","tag-darmstadt","tag-httv","tag-nachwuchs","tag-tischtennis"],"_links":{"self":[{"href":"https:\/\/www.ttc-darmstadt.de\/blog\/wp-json\/wp\/v2\/posts\/5095","targetHints":{"allow":["GET"]}}],"collection":[{"href":"https:\/\/www.ttc-darmstadt.de\/blog\/wp-json\/wp\/v2\/posts"}],"about":[{"href":"https:\/\/www.ttc-darmstadt.de\/blog\/wp-json\/wp\/v2\/types\/post"}],"author":[{"embeddable":true,"href":"https:\/\/www.ttc-darmstadt.de\/blog\/wp-json\/wp\/v2\/users\/123457"}],"replies":[{"embeddable":true,"href":"https:\/\/www.ttc-darmstadt.de\/blog\/wp-json\/wp\/v2\/comments?post=5095"}],"version-history":[{"count":3,"href":"https:\/\/www.ttc-darmstadt.de\/blog\/wp-json\/wp\/v2\/posts\/5095\/revisions"}],"predecessor-version":[{"id":5100,"href":"https:\/\/www.ttc-darmstadt.de\/blog\/wp-json\/wp\/v2\/posts\/5095\/revisions\/5100"}],"wp:featuredmedia":[{"embeddable":true,"href":"https:\/\/www.ttc-darmstadt.de\/blog\/wp-json\/wp\/v2\/media\/5094"}],"wp:attachment":[{"href":"https:\/\/www.ttc-darmstadt.de\/blog\/wp-json\/wp\/v2\/media?parent=5095"}],"wp:term":[{"taxonomy":"category","embeddable":true,"href":"https:\/\/www.ttc-darmstadt.de\/blog\/wp-json\/wp\/v2\/categories?post=5095"},{"taxonomy":"post_tag","embeddable":true,"href":"https:\/\/www.ttc-darmstadt.de\/blog\/wp-json\/wp\/v2\/tags?post=5095"}],"curies":[{"name":"wp","href":"https:\/\/api.w.org\/{rel}","templated":true}]}}