{"id":5076,"date":"2024-05-30T18:17:44","date_gmt":"2024-05-30T16:17:44","guid":{"rendered":"https:\/\/www.ttc-darmstadt.de\/blog\/?p=5076"},"modified":"2024-05-30T18:17:44","modified_gmt":"2024-05-30T16:17:44","slug":"fuenf-neue-startter-trainer-fuer-den-1-ttc","status":"publish","type":"post","link":"https:\/\/www.ttc-darmstadt.de\/blog\/fuenf-neue-startter-trainer-fuer-den-1-ttc\/","title":{"rendered":"F\u00fcnf neue &#8222;StarTTer&#8220; Trainer f\u00fcr den 1. TTC"},"content":{"rendered":"\n<p><strong>Lehrgang am 13.04.24 und 14.04.2024<\/strong><\/p>\n\n\n\n<p>Am letzten Wochenende der hessischen Osterferien 2024 stand f\u00fcr die angehenden TrainerInnen die StarTTer-Ausbildung auf dem Programm. Vom 1. TTC nahmen mit Carla, Vanessa, Nicklas, Silas und Matthias gleich f\u00fcnf Nachwuchstrainer teil. An insgesamt zwei Tagen trafen sich alle Teilnehmer in Reinheim in der Sporthalle, um dort 7 Stunden lang jeden Tag Neues \u00fcber das Kindertraining zu lernen und dabei auch noch das eigene Spiel zu verbessern. Zusammen mit den Trainern Martin und Helmut wurde viel Theorie besprochen und auch praktisches ge\u00fcbt.<\/p>\n\n\n\n<p>Am Samstag, dem 13.04. und erstem Tag, war der Schwerpunkt die Theorie. Es wurde kurz gekl\u00e4rt, was der Plan f\u00fcr das Wochenende ist, und dann ging es sofort in die Halle.<\/p>\n\n\n\n<p>Martin zeigte uns, wie ein gutes Aufw\u00e4rmen aussehen kann, indem er die Rolle des Trainers und wir die der Kinder \u00fcbernahmen (das fiel uns leicht \ud83d\ude09 ). Anschlie\u00dfend wurde uns von Martin und Helmut eine neue Technik gezeigt, die sogenannten \u201eFliegenden F\u00fc\u00dfe\u201c. Mithilfe eines Videos erkl\u00e4rten die beiden, worauf es bei dieser Technik ankommt, und zeigten uns anhand dieses Beispiels au\u00dferdem, wie man Kindern am besten eine neue Technik beibringt. Dabei blieben die Rollen erhalten. Als Letztes vor dem Mittag stand noch eine kurze Balleimer\u00fcbung auf dem Plan. Nach der Mittagspause in der Pizzeria ging es an den theoretischen Teil zum Ablauf eines Trainings. Dazu wurde das Thema in drei Teile eingeteilt: Einleitung, Hauptteil und Schluss. Jeder Abschnitt wurde mit Stichpunkten auf farbigen Karteikarten festgehalten und an der Wand gesammelt, um es anschlie\u00dfend zu besprechen. Um 17 Uhr war dann der erste Tag zu Ende und alle sind mit vielen Eindr\u00fccken und neuem Wissen nach Hause gegangen.<\/p>\n\n\n\n<p>Am Sonntag ging es dann mehr um den praktischen Teil. Zu Beginn wurde noch kurz die Theorie vom Vortag aufgegriffen und fertig besprochen. Anschlie\u00dfend wurden wir alle in Zweiergruppen eingeteilt, die sich jeweils zwei eigene Spiele \u00fcberlegen sollten, die f\u00fcr ein Kindertraining geeignet schienen. Die Ideen wurden auf A3-Plakaten festgehalten und anschlie\u00dfend ausprobiert. Von jeder Zweiergruppe \u00fcbernahm f\u00fcr die eigenen ausgedachten Spiele jeweils einer die Trainerrolle und alle anderen Kinder waren die \u2013 Kinder. \ud83d\ude09<\/p>\n\n\n\n<p>Am Ende jedes Spiels gab es Zeit f\u00fcr Feedback und es wurden Verbesserungsm\u00f6glichkeiten ausgetauscht. Nach der Mittagspause befassten wir uns damit, wie man Kindern, die noch nie Tischtennis gespielt hatten, den ersten Schlag beibringt. Weil aber alle schon spielen konnten, wurde uns das Spiel mit der falschen Hand gezeigt, um sich besser in die Anf\u00e4ngerperspektive versetzen zu k\u00f6nnen. Wir begannen mit einfachen \u00dcbungen wie, den Ball auf dem Schl\u00e4ger springen zu lassen, und gingen von auf-die-Wand-spielen zu \u00fcber-den Tisch-spielen bis hin zum richtigen Spiel auf beiden Seiten der Platte \u00fcber.<\/p>\n\n\n\n<p>Bei einem Wettkampf zwischen den Gruppen der Wand- und Fensterseite wurde das Erlernte dann angewendet. Anschlie\u00dfend wurde wieder die Theorie dazu besprochen und wichtige Abl\u00e4ufe auf Plakaten notiert.<\/p>\n\n\n\n<p>Als sich dieser letzte Tag des StarTTer-Lehrgangs dem Ende zuneigte, gab es noch eine kurze Feedbackrunde. Am Ende verlie\u00dfen alle sehr zufrieden die Halle und nahmen gro\u00dfe Motivation mit, das mit viel Spa\u00df erworbene Wissen im n\u00e4chsten Training anzuwenden.<\/p>\n\n\n\n<p>Text: Vanessa Bittiger<\/p>\n\n\n\n<p><strong>Der 1. TTC gratuliert dem Quintett zur Absolvierung des Lehrganges und freut sich, das Trainerteam weiter qualitativ gut aufzustellen.<\/strong><\/p>\n","protected":false},"excerpt":{"rendered":"<p>Lehrgang am 13.04.24 und 14.04.2024 Am letzten Wochenende der hessischen Osterferien 2024 stand f\u00fcr die angehenden TrainerInnen die StarTTer-Ausbildung auf dem Programm. Vom 1. TTC nahmen mit Carla, Vanessa, Nicklas, [&hellip;]<\/p>\n","protected":false},"author":123457,"featured_media":4874,"comment_status":"closed","ping_status":"closed","sticky":false,"template":"","format":"standard","meta":{"ngg_post_thumbnail":0,"footnotes":""},"categories":[1],"tags":[144,204,52,44],"class_list":["post-5076","post","type-post","status-publish","format-standard","has-post-thumbnail","hentry","category-verein","tag-darmstadt","tag-nachwuchs","tag-tischtennis","tag-training"],"_links":{"self":[{"href":"https:\/\/www.ttc-darmstadt.de\/blog\/wp-json\/wp\/v2\/posts\/5076","targetHints":{"allow":["GET"]}}],"collection":[{"href":"https:\/\/www.ttc-darmstadt.de\/blog\/wp-json\/wp\/v2\/posts"}],"about":[{"href":"https:\/\/www.ttc-darmstadt.de\/blog\/wp-json\/wp\/v2\/types\/post"}],"author":[{"embeddable":true,"href":"https:\/\/www.ttc-darmstadt.de\/blog\/wp-json\/wp\/v2\/users\/123457"}],"replies":[{"embeddable":true,"href":"https:\/\/www.ttc-darmstadt.de\/blog\/wp-json\/wp\/v2\/comments?post=5076"}],"version-history":[{"count":1,"href":"https:\/\/www.ttc-darmstadt.de\/blog\/wp-json\/wp\/v2\/posts\/5076\/revisions"}],"predecessor-version":[{"id":5077,"href":"https:\/\/www.ttc-darmstadt.de\/blog\/wp-json\/wp\/v2\/posts\/5076\/revisions\/5077"}],"wp:featuredmedia":[{"embeddable":true,"href":"https:\/\/www.ttc-darmstadt.de\/blog\/wp-json\/wp\/v2\/media\/4874"}],"wp:attachment":[{"href":"https:\/\/www.ttc-darmstadt.de\/blog\/wp-json\/wp\/v2\/media?parent=5076"}],"wp:term":[{"taxonomy":"category","embeddable":true,"href":"https:\/\/www.ttc-darmstadt.de\/blog\/wp-json\/wp\/v2\/categories?post=5076"},{"taxonomy":"post_tag","embeddable":true,"href":"https:\/\/www.ttc-darmstadt.de\/blog\/wp-json\/wp\/v2\/tags?post=5076"}],"curies":[{"name":"wp","href":"https:\/\/api.w.org\/{rel}","templated":true}]}}