{"id":5070,"date":"2024-05-29T17:24:59","date_gmt":"2024-05-29T15:24:59","guid":{"rendered":"https:\/\/www.ttc-darmstadt.de\/blog\/?p=5070"},"modified":"2024-05-29T17:25:00","modified_gmt":"2024-05-29T15:25:00","slug":"internationale-erfahrungen-fuer-jonathan-und-joel-beim-wtt-youth-contender-berlin","status":"publish","type":"post","link":"https:\/\/www.ttc-darmstadt.de\/blog\/internationale-erfahrungen-fuer-jonathan-und-joel-beim-wtt-youth-contender-berlin\/","title":{"rendered":"Internationale Erfahrungen f\u00fcr Jonathan und Joel beim WTT Youth Contender Berlin"},"content":{"rendered":"\n<p><strong>Silbermedaille f\u00fcr Joel<\/strong><\/p>\n\n\n\n<p>Joel und Jonathan reisten am letzten Sonntag mit dem hessischen Verbandstrainer Thomas Hauke nach Berlin, um am WTT Youth Contender teilzunehmen, welches vom 27. Mai \u2013 2. Juni ausgetragen wird. Beide spielten an zwei Tagen in der Altersklasse J13 und J11 und sammelten dabei internationale Erfahrungen.<br>Als Gegner warteten neben deutschen Spielern auch Spieler aus der T\u00fcrkei, England, Mongolei, Luxemburg und Polen. Beide spielten die Konkurrenzen am Montag und Dienstag. In der J13-Konkurrenz zeigten beide durchwachsene bzw. keine konstante Leistungen. Joel erreichte hier das Viertelfinale. In der J11-Konkurrenz, wo leider nur acht Spieler an den Start gingen, schied Jonathan nur aufgrund des Satzverh\u00e4ltnisses sehr ungl\u00fccklich in der Gruppenphase aus. Joel erreichte das Finale. Hier traf er auf seinen polnischen Vorrundengegner, gegen den er in der Gruppenphase der J11 unterlag, obwohl er ihn am Vortag in der J13-Konkurrenz noch bezwingen konnte. Das Finale entschied Joels Gegner diesmal erneut in drei S\u00e4tzen f\u00fcr sich.<br>Wichtiger als die Leistung bzw. Ergebnis ist f\u00fcr beide sicherlich die internationale Erfahrung und die St\u00e4rkung der Pers\u00f6nlichkeit. Diese wird durch die beiden Tagen sicherlich enorm gewachsen sein. So ist ein Spielen am Youtube-Livestreamtisch mit einem englisch z\u00e4hlenden Schiedsrichter sicherlich f\u00fcr beide ein sch\u00f6nes Erlebnis gewesen.<br>Ein Dank geht vom 1. TTC nat\u00fcrlich an den Hessischen Tischtennisverband, dass dieser beiden Talenten eine Teilnahme erm\u00f6glicht hat.<\/p>\n\n\n\n<p>Infos zum Turnier: <a href=\"https:\/\/www.tischtennis.de\/news\/wtt-youth-contender-berlin.html\">https:\/\/www.tischtennis.de\/news\/wtt-youth-contender-berlin.html<\/a><\/p>\n\n\n\n<figure class=\"wp-block-image size-large is-resized\"><img loading=\"lazy\" decoding=\"async\" width=\"644\" height=\"483\" src=\"https:\/\/www.ttc-darmstadt.de\/blog\/wp-content\/uploads\/WTT-Youth-644x483.jpg\" alt=\"WTT Youth Contender Berlin\" class=\"wp-image-5072\" style=\"width:554px;height:auto\" srcset=\"https:\/\/www.ttc-darmstadt.de\/blog\/wp-content\/uploads\/WTT-Youth-644x483.jpg 644w, https:\/\/www.ttc-darmstadt.de\/blog\/wp-content\/uploads\/WTT-Youth-300x225.jpg 300w, https:\/\/www.ttc-darmstadt.de\/blog\/wp-content\/uploads\/WTT-Youth-768x576.jpg 768w, https:\/\/www.ttc-darmstadt.de\/blog\/wp-content\/uploads\/WTT-Youth-1536x1152.jpg 1536w, https:\/\/www.ttc-darmstadt.de\/blog\/wp-content\/uploads\/WTT-Youth-135x100.jpg 135w, https:\/\/www.ttc-darmstadt.de\/blog\/wp-content\/uploads\/WTT-Youth.jpg 2000w\" sizes=\"auto, (max-width: 644px) 100vw, 644px\" \/><figcaption class=\"wp-element-caption\">Joel und Jonathan beim WTT Youth Contender in Berlin<\/figcaption><\/figure>\n\n\n\n<p><em>Text: Benny;  Foto: Thomas Hauke<\/em><\/p>\n","protected":false},"excerpt":{"rendered":"<p>Silbermedaille f\u00fcr Joel Joel und Jonathan reisten am letzten Sonntag mit dem hessischen Verbandstrainer Thomas Hauke nach Berlin, um am WTT Youth Contender teilzunehmen, welches vom 27. Mai \u2013 2. [&hellip;]<\/p>\n","protected":false},"author":123457,"featured_media":5072,"comment_status":"closed","ping_status":"closed","sticky":false,"template":"","format":"standard","meta":{"ngg_post_thumbnail":0,"footnotes":""},"categories":[1],"tags":[144,280,272,204,52],"class_list":["post-5070","post","type-post","status-publish","format-standard","has-post-thumbnail","hentry","category-verein","tag-darmstadt","tag-dttb-2","tag-httv","tag-nachwuchs","tag-tischtennis"],"_links":{"self":[{"href":"https:\/\/www.ttc-darmstadt.de\/blog\/wp-json\/wp\/v2\/posts\/5070","targetHints":{"allow":["GET"]}}],"collection":[{"href":"https:\/\/www.ttc-darmstadt.de\/blog\/wp-json\/wp\/v2\/posts"}],"about":[{"href":"https:\/\/www.ttc-darmstadt.de\/blog\/wp-json\/wp\/v2\/types\/post"}],"author":[{"embeddable":true,"href":"https:\/\/www.ttc-darmstadt.de\/blog\/wp-json\/wp\/v2\/users\/123457"}],"replies":[{"embeddable":true,"href":"https:\/\/www.ttc-darmstadt.de\/blog\/wp-json\/wp\/v2\/comments?post=5070"}],"version-history":[{"count":2,"href":"https:\/\/www.ttc-darmstadt.de\/blog\/wp-json\/wp\/v2\/posts\/5070\/revisions"}],"predecessor-version":[{"id":5073,"href":"https:\/\/www.ttc-darmstadt.de\/blog\/wp-json\/wp\/v2\/posts\/5070\/revisions\/5073"}],"wp:featuredmedia":[{"embeddable":true,"href":"https:\/\/www.ttc-darmstadt.de\/blog\/wp-json\/wp\/v2\/media\/5072"}],"wp:attachment":[{"href":"https:\/\/www.ttc-darmstadt.de\/blog\/wp-json\/wp\/v2\/media?parent=5070"}],"wp:term":[{"taxonomy":"category","embeddable":true,"href":"https:\/\/www.ttc-darmstadt.de\/blog\/wp-json\/wp\/v2\/categories?post=5070"},{"taxonomy":"post_tag","embeddable":true,"href":"https:\/\/www.ttc-darmstadt.de\/blog\/wp-json\/wp\/v2\/tags?post=5070"}],"curies":[{"name":"wp","href":"https:\/\/api.w.org\/{rel}","templated":true}]}}