{"id":5067,"date":"2024-05-14T09:23:45","date_gmt":"2024-05-14T07:23:45","guid":{"rendered":"https:\/\/www.ttc-darmstadt.de\/blog\/?p=5067"},"modified":"2024-05-14T09:23:47","modified_gmt":"2024-05-14T07:23:47","slug":"tolle-stimmung-beim-1-mai-fruehschoppen","status":"publish","type":"post","link":"https:\/\/www.ttc-darmstadt.de\/blog\/tolle-stimmung-beim-1-mai-fruehschoppen\/","title":{"rendered":"Tolle Stimmung beim 1. Mai Fr\u00fchschoppen"},"content":{"rendered":"\n<p>Nach vielen mehr oder weniger kalten Regentagen strahlte p\u00fcnktlich zum 1. Mai die Sonne vom Himmel. Mist dachte ich, das Wetter ist zu gut. Da gehen die Leute zum Wandern oder auf Fahrradtour. Ich wurde eines Besseren belehrt. Die Leute wanderten zu uns. Bereits um 9.30 Uhr war die erste Besucherin da und der Besucherstrom nahm kein Ende. Ganz schnell mussten wir zus\u00e4tzliche Tische und B\u00e4nke aufstellen. Selbst unsere Clubheimbestuhlung wurde nach drau\u00dfen gebracht.<\/p>\n\n\n\n<p>Die Musik war wie immer super toll. Die Stimmung konnte nicht besser sein.<\/p>\n\n\n\n<p>Essen und Trinken gab es in gro\u00dfem Angebot und auch die Kuchentheke konnte sich sehen lassen. So waren alle Besucher bestens versorgt und hatten einen sch\u00f6nen Tag.<\/p>\n\n\n\n<p>Schon fr\u00fch war der Kuchen ausverkauft und auch die W\u00fcrste sowie die Salate wurden restlos aufgegessen nur noch wenige Steaks fanden den Weg in den Gefrierschrank.<\/p>\n\n\n\n<p> Es war ein sch\u00f6ner Tag. Ich hoffe es hat euch allen auch so viel Spa\u00df gemacht wie uns und wir k\u00f6nnen euch beim n\u00e4chsten Maifr\u00fchschoppen wieder begr\u00fc\u00dfen.<\/p>\n\n\n\n<p><em>Text: Brigitte, Fotos: Frank<\/em><\/p>\n\n\n\n<figure class=\"wp-block-image size-large is-resized\"><img loading=\"lazy\" decoding=\"async\" width=\"644\" height=\"362\" src=\"https:\/\/www.ttc-darmstadt.de\/blog\/wp-content\/uploads\/1-Mai-Fruehschoppen1_klein-644x362.jpg\" alt=\"&quot;Garden of Delight&quot; beim 1. Mai Fr\u00fchschoppen\" class=\"wp-image-5066\" style=\"width:504px;height:auto\" srcset=\"https:\/\/www.ttc-darmstadt.de\/blog\/wp-content\/uploads\/1-Mai-Fruehschoppen1_klein-644x362.jpg 644w, https:\/\/www.ttc-darmstadt.de\/blog\/wp-content\/uploads\/1-Mai-Fruehschoppen1_klein-300x169.jpg 300w, https:\/\/www.ttc-darmstadt.de\/blog\/wp-content\/uploads\/1-Mai-Fruehschoppen1_klein-768x432.jpg 768w, https:\/\/www.ttc-darmstadt.de\/blog\/wp-content\/uploads\/1-Mai-Fruehschoppen1_klein-1536x864.jpg 1536w, https:\/\/www.ttc-darmstadt.de\/blog\/wp-content\/uploads\/1-Mai-Fruehschoppen1_klein.jpg 2000w\" sizes=\"auto, (max-width: 644px) 100vw, 644px\" \/><figcaption class=\"wp-element-caption\">&#8222;Garden of Delight&#8220; beim 1. Mai Fr\u00fchschoppen<\/figcaption><\/figure>\n\n\n\n<figure class=\"wp-block-image size-large is-resized\"><img loading=\"lazy\" decoding=\"async\" width=\"644\" height=\"362\" src=\"https:\/\/www.ttc-darmstadt.de\/blog\/wp-content\/uploads\/1-Mai-Fruehschoppen2_klein-644x362.jpg\" alt=\"\" class=\"wp-image-5065\" style=\"width:503px;height:auto\" srcset=\"https:\/\/www.ttc-darmstadt.de\/blog\/wp-content\/uploads\/1-Mai-Fruehschoppen2_klein-644x362.jpg 644w, https:\/\/www.ttc-darmstadt.de\/blog\/wp-content\/uploads\/1-Mai-Fruehschoppen2_klein-300x169.jpg 300w, https:\/\/www.ttc-darmstadt.de\/blog\/wp-content\/uploads\/1-Mai-Fruehschoppen2_klein-768x432.jpg 768w, https:\/\/www.ttc-darmstadt.de\/blog\/wp-content\/uploads\/1-Mai-Fruehschoppen2_klein-1536x864.jpg 1536w, https:\/\/www.ttc-darmstadt.de\/blog\/wp-content\/uploads\/1-Mai-Fruehschoppen2_klein.jpg 2000w\" sizes=\"auto, (max-width: 644px) 100vw, 644px\" \/><\/figure>\n\n\n\n<figure class=\"wp-block-image size-large is-resized\"><img loading=\"lazy\" decoding=\"async\" width=\"644\" height=\"362\" src=\"https:\/\/www.ttc-darmstadt.de\/blog\/wp-content\/uploads\/1-Mai-Fruehschoppen3_klein-644x362.jpg\" alt=\"\" class=\"wp-image-5064\" style=\"width:502px;height:auto\" srcset=\"https:\/\/www.ttc-darmstadt.de\/blog\/wp-content\/uploads\/1-Mai-Fruehschoppen3_klein-644x362.jpg 644w, https:\/\/www.ttc-darmstadt.de\/blog\/wp-content\/uploads\/1-Mai-Fruehschoppen3_klein-300x169.jpg 300w, https:\/\/www.ttc-darmstadt.de\/blog\/wp-content\/uploads\/1-Mai-Fruehschoppen3_klein-768x432.jpg 768w, https:\/\/www.ttc-darmstadt.de\/blog\/wp-content\/uploads\/1-Mai-Fruehschoppen3_klein-1536x864.jpg 1536w, https:\/\/www.ttc-darmstadt.de\/blog\/wp-content\/uploads\/1-Mai-Fruehschoppen3_klein.jpg 2000w\" sizes=\"auto, (max-width: 644px) 100vw, 644px\" \/><\/figure>\n\n\n\n<figure class=\"wp-block-image size-large is-resized\"><img loading=\"lazy\" decoding=\"async\" width=\"644\" height=\"362\" src=\"https:\/\/www.ttc-darmstadt.de\/blog\/wp-content\/uploads\/1-Mai-Fruehschoppen4_klein-644x362.jpg\" alt=\"\" class=\"wp-image-5063\" style=\"width:502px;height:auto\" srcset=\"https:\/\/www.ttc-darmstadt.de\/blog\/wp-content\/uploads\/1-Mai-Fruehschoppen4_klein-644x362.jpg 644w, https:\/\/www.ttc-darmstadt.de\/blog\/wp-content\/uploads\/1-Mai-Fruehschoppen4_klein-300x169.jpg 300w, https:\/\/www.ttc-darmstadt.de\/blog\/wp-content\/uploads\/1-Mai-Fruehschoppen4_klein-768x432.jpg 768w, https:\/\/www.ttc-darmstadt.de\/blog\/wp-content\/uploads\/1-Mai-Fruehschoppen4_klein-1536x864.jpg 1536w, https:\/\/www.ttc-darmstadt.de\/blog\/wp-content\/uploads\/1-Mai-Fruehschoppen4_klein.jpg 2000w\" sizes=\"auto, (max-width: 644px) 100vw, 644px\" \/><\/figure>\n","protected":false},"excerpt":{"rendered":"<p>Nach vielen mehr oder weniger kalten Regentagen strahlte p\u00fcnktlich zum 1. Mai die Sonne vom Himmel. Mist dachte ich, das Wetter ist zu gut. Da gehen die Leute zum Wandern [&hellip;]<\/p>\n","protected":false},"author":123457,"featured_media":5066,"comment_status":"closed","ping_status":"closed","sticky":false,"template":"","format":"standard","meta":{"ngg_post_thumbnail":0,"footnotes":""},"categories":[1],"tags":[45,144,52,248],"class_list":["post-5067","post","type-post","status-publish","format-standard","has-post-thumbnail","hentry","category-verein","tag-1-mai","tag-darmstadt","tag-tischtennis","tag-veranstaltungen"],"_links":{"self":[{"href":"https:\/\/www.ttc-darmstadt.de\/blog\/wp-json\/wp\/v2\/posts\/5067","targetHints":{"allow":["GET"]}}],"collection":[{"href":"https:\/\/www.ttc-darmstadt.de\/blog\/wp-json\/wp\/v2\/posts"}],"about":[{"href":"https:\/\/www.ttc-darmstadt.de\/blog\/wp-json\/wp\/v2\/types\/post"}],"author":[{"embeddable":true,"href":"https:\/\/www.ttc-darmstadt.de\/blog\/wp-json\/wp\/v2\/users\/123457"}],"replies":[{"embeddable":true,"href":"https:\/\/www.ttc-darmstadt.de\/blog\/wp-json\/wp\/v2\/comments?post=5067"}],"version-history":[{"count":1,"href":"https:\/\/www.ttc-darmstadt.de\/blog\/wp-json\/wp\/v2\/posts\/5067\/revisions"}],"predecessor-version":[{"id":5068,"href":"https:\/\/www.ttc-darmstadt.de\/blog\/wp-json\/wp\/v2\/posts\/5067\/revisions\/5068"}],"wp:featuredmedia":[{"embeddable":true,"href":"https:\/\/www.ttc-darmstadt.de\/blog\/wp-json\/wp\/v2\/media\/5066"}],"wp:attachment":[{"href":"https:\/\/www.ttc-darmstadt.de\/blog\/wp-json\/wp\/v2\/media?parent=5067"}],"wp:term":[{"taxonomy":"category","embeddable":true,"href":"https:\/\/www.ttc-darmstadt.de\/blog\/wp-json\/wp\/v2\/categories?post=5067"},{"taxonomy":"post_tag","embeddable":true,"href":"https:\/\/www.ttc-darmstadt.de\/blog\/wp-json\/wp\/v2\/tags?post=5067"}],"curies":[{"name":"wp","href":"https:\/\/api.w.org\/{rel}","templated":true}]}}