{"id":5030,"date":"2024-04-04T13:36:58","date_gmt":"2024-04-04T11:36:58","guid":{"rendered":"https:\/\/www.ttc-darmstadt.de\/blog\/?p=5030"},"modified":"2024-04-07T10:00:00","modified_gmt":"2024-04-07T08:00:00","slug":"jonathan-und-joel-mit-schoenen-erfahrungen-bei-den-23-raiffeisen-youth-open-in-linz","status":"publish","type":"post","link":"https:\/\/www.ttc-darmstadt.de\/blog\/jonathan-und-joel-mit-schoenen-erfahrungen-bei-den-23-raiffeisen-youth-open-in-linz\/","title":{"rendered":"Jonathan und Joel mit sch\u00f6nen Erfahrungen bei den 23. Raiffeisen Youth Open in Linz"},"content":{"rendered":"\n<p>Vom 27.3. \u2013 1.4.24 ging es f\u00fcr Jonathan und Joel mit acht weiteren Kindern vom Bezirksst\u00fctzpunkt West und S\u00fcd sowie vom TV Eschersheim mit sieben Trainern nach Linz. In der \u201eTipsArena\u201c fanden bereits zum 23. Mal die Raiffeisen Youth Open statt.<\/p>\n\n\n\n<p>Seit 23 Jahren treffen dort \u00fcber Ostern verschiedene Spieler aufeinander, welche die Sieger in den Altersklassen U11, U13, U15, U17 und U19 ausspielen. In diesem Jahr waren 380 Nachwuchs-Asse aus 16 Nationen, 80 Delegationen und 140 Coaches am Start. An insgesamt 55 Tischen wurden so \u00fcber 4.000 Matches ausgetragen. In Vorrundengruppen qualifizierten sich die jeweils beiden ersten der Gruppen f\u00fcr die Raiffeisen Youth Championships, w\u00e4hrend die weiteren Platzierten in der Andro Youth Challenge um den Sieg weiter k\u00e4mpften.<\/p>\n\n\n\n<p>Die Erwartungshaltung der Trainer war jedoch nicht an Erfolge gekn\u00fcpft, sondern eher an die individuelle Entwicklung. So wurde am eigenen Spielsystem gefeilt und mutiges, offensives Tischtennis verlangt \u2013 unabh\u00e4ngig vom Ergebnis. Auch die Selbstreflekion nach einzelnen S\u00e4tzen spielte eine wichtige Rolle und wurde von den Teilnehmern verlangt.<\/p>\n\n\n\n<p>In den f\u00fcnf Tagen wurde den Spielern viel abverlangt. Fr\u00fchst\u00fcck 6.45 Uhr, Training 7.45 Uhr, 9.00 \u2013 20.00 Uhr Turnier, Teambesprechung 21.30 Uhr und Bettruhe. So kam es sicherlich auch zu einer emotionalen Achterbahnfahrt f\u00fcr den ein oder anderen.<\/p>\n\n\n\n<p>Im Teamwettbewerb gingen Jonathan und Joel in der Altersklasse U13 an den Start, da man schwache Gegner vermeiden wollte. In der Vorrundengruppe wurden sie durch drei Erfolge Gruppenerster, wobei hier vor allem der Erfolg gegen ein deutsches und slowakisches Team hervorzuheben sind. Zus\u00e4tzlich traf man auf ein kroatisches Duo. In der n\u00e4chsten Gruppe bezwang man ein Team, ehe man gegen ein starkes Nationalteam Luxemburgs (ebenfalls mit j\u00fcngeren Spielern) den K\u00fcrzeren zog. Durch ein ungl\u00fcckliches Spielverh\u00e4ltnis spielte man dann um die Pl\u00e4tze 9-12. Hier folgten zwei Siege gegen deutsche Teams, wobei vor allem der Erfolg gegen ein Team aus NRW dank einer \u00fcberragenden Doppelleistung hoch anzurechnen ist. Ebenfalls sch\u00f6n zu sehen, dass die St\u00e4rke unsere Doppels mit zunehmendem Turnierverlauf besser wurde, da die Abstimmung untereinander immer besser klappte.<\/p>\n\n\n\n<p>Im Einzel spielten beide in der Altersklasse U11. Hier hatten beide sehr schwache Gegner und wurden erst ab dem Viertelfinale gefordert. Jonathan unterlag knapp dem \u00d6sterreicher Alexander Mayer (Bayrischer Verband), w\u00e4hrend Joel in vier S\u00e4tzen den Deutschen Minimeister von 2023 Eren Ahmad (Baden W\u00fcrttemberg) bezwang. Im Halbfinale traf Joel auf den Luxemburger Noah Valente, gegen den er im Teamwettbewerb in der Zwischenrunde mit 1:3 den K\u00fcrzeren zog. Gegen den sp\u00e4teren Sieger der Altersklasse, spielte er 2,5 S\u00e4tze ganz gut mit, sodass er am Ende nach harten Kampf mit 2:3 unterlag. Wichtiger als Satzgewinne oder ein Erfolg im Halbfinale war aber auch hier, dass man die Taktik ein wenig umstellte, nachdem der Gegner dies auch getan hatte.<\/p>\n\n\n\n<p>Bei Jonathan war der Schwerpunkt an den f\u00fcnf Tagen bei einer mutigen Spieler\u00f6ffnung und offensives Nachspielen, w\u00e4hrend Joel vor allem Platzierungsaufgaben und die Verbesserung vom taktischen Spielverst\u00e4ndnis zu bew\u00e4ltigen hatte.<\/p>\n\n\n\n<p>Bei dem Turnier konnte man auch gut sehen, dass viele Nationalverb\u00e4nde im Spielsystem ein St\u00fcck weiter sind und auch was regelm\u00e4\u00dfige Turnierbesuche angeht, die Nase vorne haben. Sicherlich h\u00e4ngt das auch mit den finanziellen M\u00f6glichkeiten der Verb\u00e4nde zusammen. Die Fahrt nach Linz f\u00fcr das oben genannte Team war komplett privat organisiert.<\/p>\n\n\n\n<p>Da das Turnier sehr durchgetaktet war, blieb f\u00fcr andere Dinge nicht viel Zeit. Dennoch schaffte man zweimal einen kurzen Sparziergang durch Linz, zwei Eiscaf\u00e9 besuche und drei Restaurantbesuche, was Jonathan und Joel viel Freude bereitete.<\/p>\n\n\n\n<p>Ein Lob auch an die Turnierorganisation, was bei 4000 Spielen sicherlich nicht einfach ist. Die Zeitpl\u00e4ne werden von einem IT-Genie so erstellt, dass einzelne Nationen m\u00f6glichst sp\u00e4t aufeinandertreffen, nicht zwei oder mehrere Sch\u00fctzlinge eines Coaches parallel spielen, keines der Talente zwei Partien hintereinander hat, und, und, und. Dazu sind in den einzelnen Altersklassen Ausnahmen zu ber\u00fccksichtigen, wie etwa bei Jonathan und Joel, die als 11-j\u00e4hrige im Mannschaftswettbewerb im Teamwettbewerb der 12- und 13-j\u00e4hrigen mitspielten.<\/p>\n\n\n\n<p>Wir sind uns sicher, dass es allen viel Spa\u00df machte. Einige des gro\u00dfen Teams werden sicherlich auch Ostern 2025 in Linz verbringen.<\/p>\n\n\n\n<p><em>Text und Fotos: Benny<\/em><\/p>\n\n\n\n<figure class=\"wp-block-image size-large is-resized\"><img loading=\"lazy\" decoding=\"async\" width=\"644\" height=\"483\" src=\"https:\/\/www.ttc-darmstadt.de\/blog\/wp-content\/uploads\/TipsArena-Linz-55-Tische-in-einer-Megahalle-644x483.jpg\" alt=\"TipsArena Linz - 55 Tische in einer Megahalle\" class=\"wp-image-5033\" style=\"width:446px;height:auto\" srcset=\"https:\/\/www.ttc-darmstadt.de\/blog\/wp-content\/uploads\/TipsArena-Linz-55-Tische-in-einer-Megahalle-644x483.jpg 644w, https:\/\/www.ttc-darmstadt.de\/blog\/wp-content\/uploads\/TipsArena-Linz-55-Tische-in-einer-Megahalle-300x225.jpg 300w, https:\/\/www.ttc-darmstadt.de\/blog\/wp-content\/uploads\/TipsArena-Linz-55-Tische-in-einer-Megahalle-768x576.jpg 768w, https:\/\/www.ttc-darmstadt.de\/blog\/wp-content\/uploads\/TipsArena-Linz-55-Tische-in-einer-Megahalle-1536x1152.jpg 1536w, https:\/\/www.ttc-darmstadt.de\/blog\/wp-content\/uploads\/TipsArena-Linz-55-Tische-in-einer-Megahalle-135x100.jpg 135w, https:\/\/www.ttc-darmstadt.de\/blog\/wp-content\/uploads\/TipsArena-Linz-55-Tische-in-einer-Megahalle.jpg 2000w\" sizes=\"auto, (max-width: 644px) 100vw, 644px\" \/><figcaption class=\"wp-element-caption\">TipsArena Linz &#8211; 55 Tische in einer Megahalle<\/figcaption><\/figure>\n\n\n\n<figure class=\"wp-block-image size-large is-resized\"><img loading=\"lazy\" decoding=\"async\" width=\"644\" height=\"483\" src=\"https:\/\/www.ttc-darmstadt.de\/blog\/wp-content\/uploads\/Jonathan-und-Joel-beim-Teamwettkampf-mit-voller-Konzentration-644x483.jpg\" alt=\"Jonathan und Joel beim Teamwettkampf mit voller Konzentration\" class=\"wp-image-5034\" style=\"width:447px;height:auto\" srcset=\"https:\/\/www.ttc-darmstadt.de\/blog\/wp-content\/uploads\/Jonathan-und-Joel-beim-Teamwettkampf-mit-voller-Konzentration-644x483.jpg 644w, https:\/\/www.ttc-darmstadt.de\/blog\/wp-content\/uploads\/Jonathan-und-Joel-beim-Teamwettkampf-mit-voller-Konzentration-300x225.jpg 300w, https:\/\/www.ttc-darmstadt.de\/blog\/wp-content\/uploads\/Jonathan-und-Joel-beim-Teamwettkampf-mit-voller-Konzentration-768x576.jpg 768w, https:\/\/www.ttc-darmstadt.de\/blog\/wp-content\/uploads\/Jonathan-und-Joel-beim-Teamwettkampf-mit-voller-Konzentration-1536x1152.jpg 1536w, https:\/\/www.ttc-darmstadt.de\/blog\/wp-content\/uploads\/Jonathan-und-Joel-beim-Teamwettkampf-mit-voller-Konzentration-135x100.jpg 135w, https:\/\/www.ttc-darmstadt.de\/blog\/wp-content\/uploads\/Jonathan-und-Joel-beim-Teamwettkampf-mit-voller-Konzentration.jpg 2000w\" sizes=\"auto, (max-width: 644px) 100vw, 644px\" \/><figcaption class=\"wp-element-caption\">Jonathan und Joel beim Teamwettkampf mit voller Konzentration<\/figcaption><\/figure>\n\n\n\n<figure class=\"wp-block-image size-large is-resized\"><img loading=\"lazy\" decoding=\"async\" width=\"644\" height=\"966\" src=\"https:\/\/www.ttc-darmstadt.de\/blog\/wp-content\/uploads\/Driiter-Platz-fuer-Joel-bei-U11-644x966.jpg\" alt=\"Dritter Platz f\u00fcr Joel bei U11\" class=\"wp-image-5039\" style=\"width:445px;height:auto\" srcset=\"https:\/\/www.ttc-darmstadt.de\/blog\/wp-content\/uploads\/Driiter-Platz-fuer-Joel-bei-U11-644x966.jpg 644w, https:\/\/www.ttc-darmstadt.de\/blog\/wp-content\/uploads\/Driiter-Platz-fuer-Joel-bei-U11-200x300.jpg 200w, https:\/\/www.ttc-darmstadt.de\/blog\/wp-content\/uploads\/Driiter-Platz-fuer-Joel-bei-U11-768x1152.jpg 768w, https:\/\/www.ttc-darmstadt.de\/blog\/wp-content\/uploads\/Driiter-Platz-fuer-Joel-bei-U11-1024x1536.jpg 1024w, https:\/\/www.ttc-darmstadt.de\/blog\/wp-content\/uploads\/Driiter-Platz-fuer-Joel-bei-U11.jpg 1067w\" sizes=\"auto, (max-width: 644px) 100vw, 644px\" \/><figcaption class=\"wp-element-caption\">Dritter Platz f\u00fcr Joel bei U11<\/figcaption><\/figure>\n\n\n\n<figure class=\"wp-block-image size-large is-resized\"><img loading=\"lazy\" decoding=\"async\" width=\"644\" height=\"483\" src=\"https:\/\/www.ttc-darmstadt.de\/blog\/wp-content\/uploads\/Viel-Spass-innerhalb-des-Teams-644x483.jpg\" alt=\"Viel Spa\u00df innerhalb des Teams\" class=\"wp-image-5032\" style=\"width:446px;height:auto\" srcset=\"https:\/\/www.ttc-darmstadt.de\/blog\/wp-content\/uploads\/Viel-Spass-innerhalb-des-Teams-644x483.jpg 644w, https:\/\/www.ttc-darmstadt.de\/blog\/wp-content\/uploads\/Viel-Spass-innerhalb-des-Teams-300x225.jpg 300w, https:\/\/www.ttc-darmstadt.de\/blog\/wp-content\/uploads\/Viel-Spass-innerhalb-des-Teams-768x576.jpg 768w, https:\/\/www.ttc-darmstadt.de\/blog\/wp-content\/uploads\/Viel-Spass-innerhalb-des-Teams-1536x1152.jpg 1536w, https:\/\/www.ttc-darmstadt.de\/blog\/wp-content\/uploads\/Viel-Spass-innerhalb-des-Teams-135x100.jpg 135w, https:\/\/www.ttc-darmstadt.de\/blog\/wp-content\/uploads\/Viel-Spass-innerhalb-des-Teams.jpg 2000w\" sizes=\"auto, (max-width: 644px) 100vw, 644px\" \/><figcaption class=\"wp-element-caption\">Viel Spa\u00df innerhalb des Teams<\/figcaption><\/figure>\n","protected":false},"excerpt":{"rendered":"<p>Vom 27.3. \u2013 1.4.24 ging es f\u00fcr Jonathan und Joel mit acht weiteren Kindern vom Bezirksst\u00fctzpunkt West und S\u00fcd sowie vom TV Eschersheim mit sieben Trainern nach Linz. In der [&hellip;]<\/p>\n","protected":false},"author":123457,"featured_media":5033,"comment_status":"closed","ping_status":"closed","sticky":false,"template":"","format":"standard","meta":{"ngg_post_thumbnail":0,"footnotes":""},"categories":[1],"tags":[144,204,52],"class_list":["post-5030","post","type-post","status-publish","format-standard","has-post-thumbnail","hentry","category-verein","tag-darmstadt","tag-nachwuchs","tag-tischtennis"],"_links":{"self":[{"href":"https:\/\/www.ttc-darmstadt.de\/blog\/wp-json\/wp\/v2\/posts\/5030","targetHints":{"allow":["GET"]}}],"collection":[{"href":"https:\/\/www.ttc-darmstadt.de\/blog\/wp-json\/wp\/v2\/posts"}],"about":[{"href":"https:\/\/www.ttc-darmstadt.de\/blog\/wp-json\/wp\/v2\/types\/post"}],"author":[{"embeddable":true,"href":"https:\/\/www.ttc-darmstadt.de\/blog\/wp-json\/wp\/v2\/users\/123457"}],"replies":[{"embeddable":true,"href":"https:\/\/www.ttc-darmstadt.de\/blog\/wp-json\/wp\/v2\/comments?post=5030"}],"version-history":[{"count":3,"href":"https:\/\/www.ttc-darmstadt.de\/blog\/wp-json\/wp\/v2\/posts\/5030\/revisions"}],"predecessor-version":[{"id":5041,"href":"https:\/\/www.ttc-darmstadt.de\/blog\/wp-json\/wp\/v2\/posts\/5030\/revisions\/5041"}],"wp:featuredmedia":[{"embeddable":true,"href":"https:\/\/www.ttc-darmstadt.de\/blog\/wp-json\/wp\/v2\/media\/5033"}],"wp:attachment":[{"href":"https:\/\/www.ttc-darmstadt.de\/blog\/wp-json\/wp\/v2\/media?parent=5030"}],"wp:term":[{"taxonomy":"category","embeddable":true,"href":"https:\/\/www.ttc-darmstadt.de\/blog\/wp-json\/wp\/v2\/categories?post=5030"},{"taxonomy":"post_tag","embeddable":true,"href":"https:\/\/www.ttc-darmstadt.de\/blog\/wp-json\/wp\/v2\/tags?post=5030"}],"curies":[{"name":"wp","href":"https:\/\/api.w.org\/{rel}","templated":true}]}}