{"id":4987,"date":"2024-01-09T10:10:01","date_gmt":"2024-01-09T08:10:01","guid":{"rendered":"https:\/\/www.ttc-darmstadt.de\/blog\/?p=4987"},"modified":"2024-01-09T10:10:03","modified_gmt":"2024-01-09T08:10:03","slug":"jonathan-und-joel-mit-hessen-beim-team-talent-cup-im-einsatz","status":"publish","type":"post","link":"https:\/\/www.ttc-darmstadt.de\/blog\/jonathan-und-joel-mit-hessen-beim-team-talent-cup-im-einsatz\/","title":{"rendered":"Jonathan und Joel mit Hessen beim Team-Talent Cup im Einsatz"},"content":{"rendered":"\n<p>Am ersten Januar Wochenende ging es f\u00fcr Jonathan und Joel zusammen mit Jonathan Stoll (Jahrgang 2012, DJK-TTC Ober-Roden) und Noah Reichenauer (Jahrgang 2012, SG Bruchk\u00f6bel 1868) zum Team-Talent Cup nach Osterburg (Sachsen-Anhalt). Neben den Jungs war auch eine Landesm\u00e4dchenmannschaft in der Altersklasse 2012 und j\u00fcnger am Start.<\/p>\n\n\n\n<p>An Position f\u00fcnf gesetzt ging man in das Turnier. Das Ziel des Quartetts lautete, das Halbfinale zu erreichen.<\/p>\n\n\n\n<p>In der st\u00e4rksten Gruppe musste man gegen die deutlich st\u00e4rker eingesch\u00e4tzten Sachsen (zwei DTTB Talentkaderspieler im Team, 1690 und 1620 TTR) und den Westdeutschen Tischtennisverband (ein DTTB Talentkaderspieler mit 1740 TTR im Team) jeweils 1:4 Niederlagen hinnehmen. Zwei der der Talentkaderspieler waren zudem ein Jahr \u00e4lter als Joel und Jonathan. Dennoch schlugen sich beide gut, so unterlag z.B. Joel einem Talentkaderspieler aus Sachsen knapp mit 9:11 im f\u00fcnften Satz.<\/p>\n\n\n\n<p>Gegen Schleswig-Holstein konnte man nachmittags den ersten Sieg mit einem 4:1 verbuchen. In der Zwischenrunde bezwang man Sachsen-Anhalt erwartungsgem\u00e4\u00df mit 5:0 und zog dadurch ins Viertelfinale ein. Abends feierte man dann noch Jonathans Geburtstag mit leckeren Muffins, welche die Mutter dem Nachwuchs mit auf dem Weg gab.<\/p>\n\n\n\n<p>Am Sonntag zeigte das Team bei 5:0 gegen Th\u00fcringen eine sehr starke geschlossene Leistung und zog damit ins Halbfinale ein. Man traf erneut auf Sachsen, gegen die man in der Vorrunde schon das Nachsehen hatte und die auch den WTTV in der Vorrundengruppe beeindruckend schlagen konnten. Man hatte erneut wie am Vortag das Nachsehen. Auch im Spiel gegen Platz drei wartete ein bekannter Landesverband. So musste man sich wieder dem WTTV messen. Mit 0:5 hatte man hier keine Chance.<\/p>\n\n\n\n<p>Letztlich kann der Landesverband mit dem Abschneiden der Jungs und dem erreichten vierten Platz sehr zufrieden sein. Von 15 Landesverb\u00e4nden belegte man den vierten Platz. Das erwartete Ergebnis wurde somit erzielt. Es ging beim dem Turnier auch eher darum, die technische und spielerische Weiterentwicklung zu beurteilen. Dadurch wird man die n\u00e4chsten Schwerpunkte im Training bei den Spielern setzen.<\/p>\n\n\n\n<figure class=\"wp-block-image size-large is-resized\"><img loading=\"lazy\" decoding=\"async\" width=\"644\" height=\"430\" src=\"https:\/\/www.ttc-darmstadt.de\/blog\/wp-content\/uploads\/Jonathan-Kilian-mit-seiner-starken-Vorhand-644x430.jpg\" alt=\"Jonathan Kilian mit seiner starken Vorhand\" class=\"wp-image-4990\" style=\"width:462px;height:auto\" srcset=\"https:\/\/www.ttc-darmstadt.de\/blog\/wp-content\/uploads\/Jonathan-Kilian-mit-seiner-starken-Vorhand-644x430.jpg 644w, https:\/\/www.ttc-darmstadt.de\/blog\/wp-content\/uploads\/Jonathan-Kilian-mit-seiner-starken-Vorhand-300x200.jpg 300w, https:\/\/www.ttc-darmstadt.de\/blog\/wp-content\/uploads\/Jonathan-Kilian-mit-seiner-starken-Vorhand-768x512.jpg 768w, https:\/\/www.ttc-darmstadt.de\/blog\/wp-content\/uploads\/Jonathan-Kilian-mit-seiner-starken-Vorhand-1536x1025.jpg 1536w, https:\/\/www.ttc-darmstadt.de\/blog\/wp-content\/uploads\/Jonathan-Kilian-mit-seiner-starken-Vorhand.jpg 2048w\" sizes=\"auto, (max-width: 644px) 100vw, 644px\" \/><figcaption class=\"wp-element-caption\">Jonathan Kilian mit seiner starken Vorhand<\/figcaption><\/figure>\n\n\n\n<figure class=\"wp-block-image size-large is-resized\"><img loading=\"lazy\" decoding=\"async\" width=\"644\" height=\"430\" src=\"https:\/\/www.ttc-darmstadt.de\/blog\/wp-content\/uploads\/Joel-Rohaly-fuer-Team-Hessen-am-Tisch-644x430.jpg\" alt=\"Joel Rohaly f\u00fcr Team Hessen am Tisch\" class=\"wp-image-4989\" style=\"width:462px;height:auto\" srcset=\"https:\/\/www.ttc-darmstadt.de\/blog\/wp-content\/uploads\/Joel-Rohaly-fuer-Team-Hessen-am-Tisch-644x430.jpg 644w, https:\/\/www.ttc-darmstadt.de\/blog\/wp-content\/uploads\/Joel-Rohaly-fuer-Team-Hessen-am-Tisch-300x200.jpg 300w, https:\/\/www.ttc-darmstadt.de\/blog\/wp-content\/uploads\/Joel-Rohaly-fuer-Team-Hessen-am-Tisch-768x512.jpg 768w, https:\/\/www.ttc-darmstadt.de\/blog\/wp-content\/uploads\/Joel-Rohaly-fuer-Team-Hessen-am-Tisch-1536x1025.jpg 1536w, https:\/\/www.ttc-darmstadt.de\/blog\/wp-content\/uploads\/Joel-Rohaly-fuer-Team-Hessen-am-Tisch.jpg 2048w\" sizes=\"auto, (max-width: 644px) 100vw, 644px\" \/><figcaption class=\"wp-element-caption\">Joel Rohaly f\u00fcr Team Hessen am Tisch<\/figcaption><\/figure>\n\n\n\n<figure class=\"wp-block-gallery has-nested-images columns-default is-cropped wp-block-gallery-1 is-layout-flex wp-block-gallery-is-layout-flex\"><\/figure>\n\n\n\n<figure class=\"wp-block-image size-large is-resized\"><img loading=\"lazy\" decoding=\"async\" width=\"644\" height=\"483\" src=\"https:\/\/www.ttc-darmstadt.de\/blog\/wp-content\/uploads\/Jonathans-Muffins-644x483.jpg\" alt=\"Jonathans Muffins \u2013 \u201eJonathan feierte bei dem Turnier standesgem\u00e4\u00df mit liebevoll zubereiteten Tischtennismuffins seinen elften Geburtstag\u201c\" class=\"wp-image-4991\" style=\"width:466px;height:auto\" srcset=\"https:\/\/www.ttc-darmstadt.de\/blog\/wp-content\/uploads\/Jonathans-Muffins-644x483.jpg 644w, https:\/\/www.ttc-darmstadt.de\/blog\/wp-content\/uploads\/Jonathans-Muffins-300x225.jpg 300w, https:\/\/www.ttc-darmstadt.de\/blog\/wp-content\/uploads\/Jonathans-Muffins-768x576.jpg 768w, https:\/\/www.ttc-darmstadt.de\/blog\/wp-content\/uploads\/Jonathans-Muffins-1536x1152.jpg 1536w, https:\/\/www.ttc-darmstadt.de\/blog\/wp-content\/uploads\/Jonathans-Muffins-135x100.jpg 135w, https:\/\/www.ttc-darmstadt.de\/blog\/wp-content\/uploads\/Jonathans-Muffins-rotated.jpg 1600w\" sizes=\"auto, (max-width: 644px) 100vw, 644px\" \/><figcaption class=\"wp-element-caption\">Jonathans Muffins \u2013 \u201eJonathan feierte bei dem Turnier standesgem\u00e4\u00df mit liebevoll zubereiteten Tischtennismuffins seinen elften Geburtstag\u201c <\/figcaption><\/figure>\n\n\n\n<p><em>Bericht und Foto: Benny<\/em><\/p>\n","protected":false},"excerpt":{"rendered":"<p>Am ersten Januar Wochenende ging es f\u00fcr Jonathan und Joel zusammen mit Jonathan Stoll (Jahrgang 2012, DJK-TTC Ober-Roden) und Noah Reichenauer (Jahrgang 2012, SG Bruchk\u00f6bel 1868) zum Team-Talent Cup nach [&hellip;]<\/p>\n","protected":false},"author":123457,"featured_media":4989,"comment_status":"closed","ping_status":"closed","sticky":false,"template":"","format":"standard","meta":{"ngg_post_thumbnail":0,"footnotes":""},"categories":[1],"tags":[144,272,204,52],"class_list":["post-4987","post","type-post","status-publish","format-standard","has-post-thumbnail","hentry","category-verein","tag-darmstadt","tag-httv","tag-nachwuchs","tag-tischtennis"],"_links":{"self":[{"href":"https:\/\/www.ttc-darmstadt.de\/blog\/wp-json\/wp\/v2\/posts\/4987","targetHints":{"allow":["GET"]}}],"collection":[{"href":"https:\/\/www.ttc-darmstadt.de\/blog\/wp-json\/wp\/v2\/posts"}],"about":[{"href":"https:\/\/www.ttc-darmstadt.de\/blog\/wp-json\/wp\/v2\/types\/post"}],"author":[{"embeddable":true,"href":"https:\/\/www.ttc-darmstadt.de\/blog\/wp-json\/wp\/v2\/users\/123457"}],"replies":[{"embeddable":true,"href":"https:\/\/www.ttc-darmstadt.de\/blog\/wp-json\/wp\/v2\/comments?post=4987"}],"version-history":[{"count":2,"href":"https:\/\/www.ttc-darmstadt.de\/blog\/wp-json\/wp\/v2\/posts\/4987\/revisions"}],"predecessor-version":[{"id":4994,"href":"https:\/\/www.ttc-darmstadt.de\/blog\/wp-json\/wp\/v2\/posts\/4987\/revisions\/4994"}],"wp:featuredmedia":[{"embeddable":true,"href":"https:\/\/www.ttc-darmstadt.de\/blog\/wp-json\/wp\/v2\/media\/4989"}],"wp:attachment":[{"href":"https:\/\/www.ttc-darmstadt.de\/blog\/wp-json\/wp\/v2\/media?parent=4987"}],"wp:term":[{"taxonomy":"category","embeddable":true,"href":"https:\/\/www.ttc-darmstadt.de\/blog\/wp-json\/wp\/v2\/categories?post=4987"},{"taxonomy":"post_tag","embeddable":true,"href":"https:\/\/www.ttc-darmstadt.de\/blog\/wp-json\/wp\/v2\/tags?post=4987"}],"curies":[{"name":"wp","href":"https:\/\/api.w.org\/{rel}","templated":true}]}}