{"id":4971,"date":"2023-12-18T11:00:11","date_gmt":"2023-12-18T09:00:11","guid":{"rendered":"https:\/\/www.ttc-darmstadt.de\/blog\/?p=4971"},"modified":"2023-12-18T11:00:13","modified_gmt":"2023-12-18T09:00:13","slug":"traumergebnis-fuer-jonathan-und-joel-bei-hessischen-meisterschaften","status":"publish","type":"post","link":"https:\/\/www.ttc-darmstadt.de\/blog\/traumergebnis-fuer-jonathan-und-joel-bei-hessischen-meisterschaften\/","title":{"rendered":"Traumergebnis f\u00fcr Jonathan und Joel bei Hessischen Meisterschaften"},"content":{"rendered":"\n<p><strong>Hessenmeistertitel an Jonathan, Zweiter Platz an Joel \u2013 Im Doppel beide ganz vorne<\/strong><\/p>\n\n\n\n<p>Am 17. Dezember fand in Wallau die hessischen Meisterschaften der Jungen 11 statt. Mit Jonathan und Joel war auch ein Duo am Start. Die Vorzeichen waren diesmal nicht ganz so optimal. Jonathan ging unmittelbar nach einem Infekt ins Turnier, Joel reiste mit schweren und m\u00fcden Beinen (Dritte DTTB Sichtungsstufe) aus D\u00fcsseldorf an.<\/p>\n\n\n\n<p>In der Vorrunde konnten beide ihrer Favoritenrolle gerecht werden und alle drei Einzel f\u00fcr sich verbuchen. Nach einem Freilos im Achtelfinale k\u00e4mpfte Jonathan seinen Gegner Jamie Ziehm aus Kriftel mit einer mentalen Glanzleistung und sehr sehenswerten langen offensiven Ballwechseln in f\u00fcnf S\u00e4tzen nieder. Joel \u2013 ebenfalls mit Freilos im Achtelfinale &#8211; hatte gegen Valentino Stapp (TTC Langen) beim Dreisatzerfolg keine Probleme und konnte so ein paar K\u00f6rner sparen.<\/p>\n\n\n\n<p>Im Halbfinale traf Jonathan auf Niklas Wasse (Eintracht Frankfurt). Jonathan zeigte starkes Tischtennis und konnte mit einem souver\u00e4nen Viersatzerfolg ins Finale einziehen. Joel konnte sein Spiel gegen Korel Mai (Rodgau) nach verlorenem ersten Satz taktisch sehr gut umstellen. Nach Mobilisation seiner letzten Reserven bog er das Spiel in vier S\u00e4tzen zu seinen Gunsten um und zog ebenfalls ins Finale ein.<\/p>\n\n\n\n<p>Im Doppel konnten beide bis zum Finale ihrer Favoritenrolle gerecht werden. Im Finale kam es dann zum Duell gegen das topgesetzte Duo Wasse\/Mai. Trotz 1:2 R\u00fcckstand konnte sie das Doppel in f\u00fcnf S\u00e4tzen f\u00fcr sich entscheiden. Besonders erw\u00e4hnenswert ist, dass bei 1:2 S\u00e4tzen und 1:5 ein Time Out beide zur\u00fcck auf die Siegerstra\u00dfe brachte.<\/p>\n\n\n\n<p>Beide waren nun vor dem Einzelfinale sehr ersch\u00f6pft und wollten eigentlich lieber ins Bett als nochmal an den Tisch. Da beide auf ihren Pokal nicht verzichten wollten, kam es dann doch zu einem spannenden Finale. Trotz Ersch\u00f6pfung beider 1. TTC Talente kam es noch zu dem ein oder anderen sch\u00f6nen Ballwechsel. Am Ende setzte sich Jonathan mit 11:9 im f\u00fcnften Satz durch. Beide lachten jedoch mehrmals w\u00e4hrend dem Finale, was ohne Coach gespielt wurde.<\/p>\n\n\n\n<p>Mit der Ausbeute von zwei Titeln und einem zweiten Platz kann das Duo sehr stolz sein. Ein Dank an Markus und Benny, f\u00fcr die Betreuung sowie den Familien f\u00fcr die mentale Unterst\u00fctzung und die tolle Verpflegung.<\/p>\n\n\n\n<figure class=\"wp-block-image size-full is-resized\"><img loading=\"lazy\" decoding=\"async\" width=\"574\" height=\"978\" src=\"https:\/\/www.ttc-darmstadt.de\/blog\/wp-content\/uploads\/Jonathan-und-Joel-Platz-1-und-2-fuer-den-1.-TTC-Darmstadt-2.png\" alt=\"Jonathan-und-Joel-Platz-1-und-2-fuer-den-1.-TTC-Darmstadt-2\" class=\"wp-image-4978\" style=\"width:426px;height:auto\" srcset=\"https:\/\/www.ttc-darmstadt.de\/blog\/wp-content\/uploads\/Jonathan-und-Joel-Platz-1-und-2-fuer-den-1.-TTC-Darmstadt-2.png 574w, https:\/\/www.ttc-darmstadt.de\/blog\/wp-content\/uploads\/Jonathan-und-Joel-Platz-1-und-2-fuer-den-1.-TTC-Darmstadt-2-176x300.png 176w\" sizes=\"auto, (max-width: 574px) 100vw, 574px\" \/><figcaption class=\"wp-element-caption\">Jonathan und Joel Platz 1 und 2 f\u00fcr den 1. TTC-Darmstadt<\/figcaption><\/figure>\n\n\n\n<figure class=\"wp-block-image size-large is-resized\"><img loading=\"lazy\" decoding=\"async\" width=\"644\" height=\"483\" src=\"https:\/\/www.ttc-darmstadt.de\/blog\/wp-content\/uploads\/Siegerehrung-Hessische-Meisterschaften-U11-Jungen-1-644x483.jpg\" alt=\"Siegerehrung-Hessische-Meisterschaften-U11-Jungen-1\" class=\"wp-image-4979\" style=\"width:502px;height:auto\" srcset=\"https:\/\/www.ttc-darmstadt.de\/blog\/wp-content\/uploads\/Siegerehrung-Hessische-Meisterschaften-U11-Jungen-1-644x483.jpg 644w, https:\/\/www.ttc-darmstadt.de\/blog\/wp-content\/uploads\/Siegerehrung-Hessische-Meisterschaften-U11-Jungen-1-300x225.jpg 300w, https:\/\/www.ttc-darmstadt.de\/blog\/wp-content\/uploads\/Siegerehrung-Hessische-Meisterschaften-U11-Jungen-1-768x576.jpg 768w, https:\/\/www.ttc-darmstadt.de\/blog\/wp-content\/uploads\/Siegerehrung-Hessische-Meisterschaften-U11-Jungen-1-1536x1152.jpg 1536w, https:\/\/www.ttc-darmstadt.de\/blog\/wp-content\/uploads\/Siegerehrung-Hessische-Meisterschaften-U11-Jungen-1-135x100.jpg 135w, https:\/\/www.ttc-darmstadt.de\/blog\/wp-content\/uploads\/Siegerehrung-Hessische-Meisterschaften-U11-Jungen-1.jpg 2023w\" sizes=\"auto, (max-width: 644px) 100vw, 644px\" \/><figcaption class=\"wp-element-caption\">Siegerehrung hessische Meisterschaften U11 Jungen <\/figcaption><\/figure>\n\n\n\n<figure class=\"wp-block-image size-large is-resized\"><img loading=\"lazy\" decoding=\"async\" width=\"644\" height=\"483\" src=\"https:\/\/www.ttc-darmstadt.de\/blog\/wp-content\/uploads\/Jonathan-und-Joel-mit-dem-Doppeltitel-2-644x483.jpg\" alt=\"Jonathan-und-Joel-mit-dem-Doppeltitel-2\" class=\"wp-image-4980\" style=\"width:501px;height:auto\" srcset=\"https:\/\/www.ttc-darmstadt.de\/blog\/wp-content\/uploads\/Jonathan-und-Joel-mit-dem-Doppeltitel-2-644x483.jpg 644w, https:\/\/www.ttc-darmstadt.de\/blog\/wp-content\/uploads\/Jonathan-und-Joel-mit-dem-Doppeltitel-2-300x225.jpg 300w, https:\/\/www.ttc-darmstadt.de\/blog\/wp-content\/uploads\/Jonathan-und-Joel-mit-dem-Doppeltitel-2-768x576.jpg 768w, https:\/\/www.ttc-darmstadt.de\/blog\/wp-content\/uploads\/Jonathan-und-Joel-mit-dem-Doppeltitel-2-1536x1152.jpg 1536w, https:\/\/www.ttc-darmstadt.de\/blog\/wp-content\/uploads\/Jonathan-und-Joel-mit-dem-Doppeltitel-2-2048x1536.jpg 2048w, https:\/\/www.ttc-darmstadt.de\/blog\/wp-content\/uploads\/Jonathan-und-Joel-mit-dem-Doppeltitel-2-135x100.jpg 135w\" sizes=\"auto, (max-width: 644px) 100vw, 644px\" \/><figcaption class=\"wp-element-caption\">Jonathan und Joel mit dem Doppeltitel <\/figcaption><\/figure>\n\n\n\n<p><em>Bilder und Text: Benny<\/em><\/p>\n","protected":false},"excerpt":{"rendered":"<p>Hessenmeistertitel an Jonathan, Zweiter Platz an Joel \u2013 Im Doppel beide ganz vorne Am 17. Dezember fand in Wallau die hessischen Meisterschaften der Jungen 11 statt. Mit Jonathan und Joel [&hellip;]<\/p>\n","protected":false},"author":123457,"featured_media":4979,"comment_status":"closed","ping_status":"closed","sticky":false,"template":"","format":"standard","meta":{"ngg_post_thumbnail":0,"footnotes":""},"categories":[1],"tags":[144,204,52],"class_list":["post-4971","post","type-post","status-publish","format-standard","has-post-thumbnail","hentry","category-verein","tag-darmstadt","tag-nachwuchs","tag-tischtennis"],"_links":{"self":[{"href":"https:\/\/www.ttc-darmstadt.de\/blog\/wp-json\/wp\/v2\/posts\/4971","targetHints":{"allow":["GET"]}}],"collection":[{"href":"https:\/\/www.ttc-darmstadt.de\/blog\/wp-json\/wp\/v2\/posts"}],"about":[{"href":"https:\/\/www.ttc-darmstadt.de\/blog\/wp-json\/wp\/v2\/types\/post"}],"author":[{"embeddable":true,"href":"https:\/\/www.ttc-darmstadt.de\/blog\/wp-json\/wp\/v2\/users\/123457"}],"replies":[{"embeddable":true,"href":"https:\/\/www.ttc-darmstadt.de\/blog\/wp-json\/wp\/v2\/comments?post=4971"}],"version-history":[{"count":3,"href":"https:\/\/www.ttc-darmstadt.de\/blog\/wp-json\/wp\/v2\/posts\/4971\/revisions"}],"predecessor-version":[{"id":4982,"href":"https:\/\/www.ttc-darmstadt.de\/blog\/wp-json\/wp\/v2\/posts\/4971\/revisions\/4982"}],"wp:featuredmedia":[{"embeddable":true,"href":"https:\/\/www.ttc-darmstadt.de\/blog\/wp-json\/wp\/v2\/media\/4979"}],"wp:attachment":[{"href":"https:\/\/www.ttc-darmstadt.de\/blog\/wp-json\/wp\/v2\/media?parent=4971"}],"wp:term":[{"taxonomy":"category","embeddable":true,"href":"https:\/\/www.ttc-darmstadt.de\/blog\/wp-json\/wp\/v2\/categories?post=4971"},{"taxonomy":"post_tag","embeddable":true,"href":"https:\/\/www.ttc-darmstadt.de\/blog\/wp-json\/wp\/v2\/tags?post=4971"}],"curies":[{"name":"wp","href":"https:\/\/api.w.org\/{rel}","templated":true}]}}