{"id":4960,"date":"2023-12-07T17:15:19","date_gmt":"2023-12-07T15:15:19","guid":{"rendered":"https:\/\/www.ttc-darmstadt.de\/blog\/?p=4960"},"modified":"2023-12-07T17:15:21","modified_gmt":"2023-12-07T15:15:21","slug":"rueckblick-weihnachtsfeier-2023","status":"publish","type":"post","link":"https:\/\/www.ttc-darmstadt.de\/blog\/rueckblick-weihnachtsfeier-2023\/","title":{"rendered":"R\u00fcckblick Weihnachtsfeier 2023"},"content":{"rendered":"\n<p>Am Samstag, den 02. Dezember fand unsere traditionelle Weihnachtsfeier statt. In dem weihnachtlich geschm\u00fcckten Clubheim begann die Feier mit einem k\u00f6stlichen Buffet. Nachdem der letzte Nachtisch verputzt war, ehrte unser 1. Vorsitzende, Wolfram Sch\u00e4fer, verdiente Mitglieder. Hubert H\u00fctte f\u00fcr 25 Jahre und Felix Gradwohl f\u00fcr 10 Jahren Mitgliedschaft erhielten eine Auszeichnung. Auch Benny und Tim f\u00fcr die Betreuung der Jugend und Sch\u00fcler erhielten als Anerkennung ein Geschenk. Bei der anschlie\u00dfenden Tombola gab es u.a. ein Trikot der 1. Liga Fu\u00dfballer vom SV Darmstadt 98 zu gewinnen. Viel Spa\u00df hatten auch alle G\u00e4ste mit der <a href=\"https:\/\/www.partyfotobox.de\/\">Fotobox<\/a> von Philipp. Bis 3:30 Uhr wurde noch kr\u00e4ftig in der Apres-Ski H\u00fctte gefeiert. Insgesamt fanden sich ca. 60 Mitglieder an diesem Abend ein. <\/p>\n\n\n\n<p>Es war wie immer ein toller Abend. Vielen Dank an Brigitte und Wolfgang f\u00fcr die Organisation und die viele Arbeit die sie mit der Feier hatten.<\/p>\n\n\n\n<figure class=\"wp-block-gallery has-nested-images columns-default is-cropped wp-block-gallery-1 is-layout-flex wp-block-gallery-is-layout-flex\">\n<figure class=\"wp-block-image size-large\"><img loading=\"lazy\" decoding=\"async\" width=\"644\" height=\"859\" data-id=\"4966\" src=\"https:\/\/www.ttc-darmstadt.de\/blog\/wp-content\/uploads\/weihnachtsfeier-23_3_klein-644x859.jpg\" alt=\"Weihnachtsfeier 2023\" class=\"wp-image-4966\" srcset=\"https:\/\/www.ttc-darmstadt.de\/blog\/wp-content\/uploads\/weihnachtsfeier-23_3_klein-644x859.jpg 644w, https:\/\/www.ttc-darmstadt.de\/blog\/wp-content\/uploads\/weihnachtsfeier-23_3_klein-225x300.jpg 225w, https:\/\/www.ttc-darmstadt.de\/blog\/wp-content\/uploads\/weihnachtsfeier-23_3_klein-768x1024.jpg 768w, https:\/\/www.ttc-darmstadt.de\/blog\/wp-content\/uploads\/weihnachtsfeier-23_3_klein-1152x1536.jpg 1152w, https:\/\/www.ttc-darmstadt.de\/blog\/wp-content\/uploads\/weihnachtsfeier-23_3_klein.jpg 1500w\" sizes=\"auto, (max-width: 644px) 100vw, 644px\" \/><figcaption class=\"wp-element-caption\">Weihnachtsfeier 2023<\/figcaption><\/figure>\n\n\n\n<figure class=\"wp-block-image size-large\"><img loading=\"lazy\" decoding=\"async\" width=\"644\" height=\"859\" data-id=\"4962\" src=\"https:\/\/www.ttc-darmstadt.de\/blog\/wp-content\/uploads\/weihnachtsfeier-23_6_klein-644x859.jpg\" alt=\"Weihnachtsbaum im Clubheim\" class=\"wp-image-4962\" srcset=\"https:\/\/www.ttc-darmstadt.de\/blog\/wp-content\/uploads\/weihnachtsfeier-23_6_klein-644x859.jpg 644w, https:\/\/www.ttc-darmstadt.de\/blog\/wp-content\/uploads\/weihnachtsfeier-23_6_klein-225x300.jpg 225w, https:\/\/www.ttc-darmstadt.de\/blog\/wp-content\/uploads\/weihnachtsfeier-23_6_klein-768x1024.jpg 768w, https:\/\/www.ttc-darmstadt.de\/blog\/wp-content\/uploads\/weihnachtsfeier-23_6_klein-1152x1536.jpg 1152w, https:\/\/www.ttc-darmstadt.de\/blog\/wp-content\/uploads\/weihnachtsfeier-23_6_klein.jpg 1500w\" sizes=\"auto, (max-width: 644px) 100vw, 644px\" \/><\/figure>\n\n\n\n<figure class=\"wp-block-image size-large\"><img loading=\"lazy\" decoding=\"async\" width=\"644\" height=\"859\" data-id=\"4965\" src=\"https:\/\/www.ttc-darmstadt.de\/blog\/wp-content\/uploads\/weihnachtsfeier-23_2_klein-644x859.jpg\" alt=\"Buffet an Weihnachtsfeier\" class=\"wp-image-4965\" srcset=\"https:\/\/www.ttc-darmstadt.de\/blog\/wp-content\/uploads\/weihnachtsfeier-23_2_klein-644x859.jpg 644w, https:\/\/www.ttc-darmstadt.de\/blog\/wp-content\/uploads\/weihnachtsfeier-23_2_klein-225x300.jpg 225w, https:\/\/www.ttc-darmstadt.de\/blog\/wp-content\/uploads\/weihnachtsfeier-23_2_klein-768x1024.jpg 768w, https:\/\/www.ttc-darmstadt.de\/blog\/wp-content\/uploads\/weihnachtsfeier-23_2_klein-1152x1536.jpg 1152w, https:\/\/www.ttc-darmstadt.de\/blog\/wp-content\/uploads\/weihnachtsfeier-23_2_klein.jpg 1500w\" sizes=\"auto, (max-width: 644px) 100vw, 644px\" \/><\/figure>\n\n\n\n<figure class=\"wp-block-image size-large\"><img loading=\"lazy\" decoding=\"async\" width=\"644\" height=\"859\" data-id=\"4964\" src=\"https:\/\/www.ttc-darmstadt.de\/blog\/wp-content\/uploads\/weihnachtsfeier-23_1_klein-644x859.jpg\" alt=\"leckeres Essen an der Weihnachtsfeier\" class=\"wp-image-4964\" srcset=\"https:\/\/www.ttc-darmstadt.de\/blog\/wp-content\/uploads\/weihnachtsfeier-23_1_klein-644x859.jpg 644w, https:\/\/www.ttc-darmstadt.de\/blog\/wp-content\/uploads\/weihnachtsfeier-23_1_klein-225x300.jpg 225w, https:\/\/www.ttc-darmstadt.de\/blog\/wp-content\/uploads\/weihnachtsfeier-23_1_klein-768x1024.jpg 768w, https:\/\/www.ttc-darmstadt.de\/blog\/wp-content\/uploads\/weihnachtsfeier-23_1_klein-1152x1536.jpg 1152w, https:\/\/www.ttc-darmstadt.de\/blog\/wp-content\/uploads\/weihnachtsfeier-23_1_klein.jpg 1500w\" sizes=\"auto, (max-width: 644px) 100vw, 644px\" \/><\/figure>\n\n\n\n<figure class=\"wp-block-image size-large\"><img loading=\"lazy\" decoding=\"async\" width=\"644\" height=\"859\" data-id=\"4967\" src=\"https:\/\/www.ttc-darmstadt.de\/blog\/wp-content\/uploads\/weihnachtsfeier-23_5_klein-644x859.jpg\" alt=\"Tisch zur Weihnachtsfeier\" class=\"wp-image-4967\" srcset=\"https:\/\/www.ttc-darmstadt.de\/blog\/wp-content\/uploads\/weihnachtsfeier-23_5_klein-644x859.jpg 644w, https:\/\/www.ttc-darmstadt.de\/blog\/wp-content\/uploads\/weihnachtsfeier-23_5_klein-225x300.jpg 225w, https:\/\/www.ttc-darmstadt.de\/blog\/wp-content\/uploads\/weihnachtsfeier-23_5_klein-768x1024.jpg 768w, https:\/\/www.ttc-darmstadt.de\/blog\/wp-content\/uploads\/weihnachtsfeier-23_5_klein-1152x1536.jpg 1152w, https:\/\/www.ttc-darmstadt.de\/blog\/wp-content\/uploads\/weihnachtsfeier-23_5_klein.jpg 1500w\" sizes=\"auto, (max-width: 644px) 100vw, 644px\" \/><\/figure>\n\n\n\n<figure class=\"wp-block-image size-large\"><img loading=\"lazy\" decoding=\"async\" width=\"644\" height=\"859\" data-id=\"4963\" src=\"https:\/\/www.ttc-darmstadt.de\/blog\/wp-content\/uploads\/weihnachtsfeier-23_4_klein-644x859.jpg\" alt=\"Ehrung 1. TTC Darmstadt\" class=\"wp-image-4963\" srcset=\"https:\/\/www.ttc-darmstadt.de\/blog\/wp-content\/uploads\/weihnachtsfeier-23_4_klein-644x859.jpg 644w, https:\/\/www.ttc-darmstadt.de\/blog\/wp-content\/uploads\/weihnachtsfeier-23_4_klein-225x300.jpg 225w, https:\/\/www.ttc-darmstadt.de\/blog\/wp-content\/uploads\/weihnachtsfeier-23_4_klein-768x1024.jpg 768w, https:\/\/www.ttc-darmstadt.de\/blog\/wp-content\/uploads\/weihnachtsfeier-23_4_klein-1152x1536.jpg 1152w, https:\/\/www.ttc-darmstadt.de\/blog\/wp-content\/uploads\/weihnachtsfeier-23_4_klein.jpg 1500w\" sizes=\"auto, (max-width: 644px) 100vw, 644px\" \/><figcaption class=\"wp-element-caption\">Ehrung 1. TTC Darmstadt<\/figcaption><\/figure>\n<\/figure>\n\n\n\n<p><em>Bilder: Brigitte  Text: Frank<\/em><\/p>\n","protected":false},"excerpt":{"rendered":"<p>Am Samstag, den 02. Dezember fand unsere traditionelle Weihnachtsfeier statt. In dem weihnachtlich geschm\u00fcckten Clubheim begann die Feier mit einem k\u00f6stlichen Buffet. Nachdem der letzte Nachtisch verputzt war, ehrte unser [&hellip;]<\/p>\n","protected":false},"author":123457,"featured_media":4962,"comment_status":"closed","ping_status":"closed","sticky":false,"template":"","format":"standard","meta":{"ngg_post_thumbnail":0,"footnotes":""},"categories":[1],"tags":[144,52,31],"class_list":["post-4960","post","type-post","status-publish","format-standard","has-post-thumbnail","hentry","category-verein","tag-darmstadt","tag-tischtennis","tag-weihnachtsfeier"],"_links":{"self":[{"href":"https:\/\/www.ttc-darmstadt.de\/blog\/wp-json\/wp\/v2\/posts\/4960","targetHints":{"allow":["GET"]}}],"collection":[{"href":"https:\/\/www.ttc-darmstadt.de\/blog\/wp-json\/wp\/v2\/posts"}],"about":[{"href":"https:\/\/www.ttc-darmstadt.de\/blog\/wp-json\/wp\/v2\/types\/post"}],"author":[{"embeddable":true,"href":"https:\/\/www.ttc-darmstadt.de\/blog\/wp-json\/wp\/v2\/users\/123457"}],"replies":[{"embeddable":true,"href":"https:\/\/www.ttc-darmstadt.de\/blog\/wp-json\/wp\/v2\/comments?post=4960"}],"version-history":[{"count":3,"href":"https:\/\/www.ttc-darmstadt.de\/blog\/wp-json\/wp\/v2\/posts\/4960\/revisions"}],"predecessor-version":[{"id":4969,"href":"https:\/\/www.ttc-darmstadt.de\/blog\/wp-json\/wp\/v2\/posts\/4960\/revisions\/4969"}],"wp:featuredmedia":[{"embeddable":true,"href":"https:\/\/www.ttc-darmstadt.de\/blog\/wp-json\/wp\/v2\/media\/4962"}],"wp:attachment":[{"href":"https:\/\/www.ttc-darmstadt.de\/blog\/wp-json\/wp\/v2\/media?parent=4960"}],"wp:term":[{"taxonomy":"category","embeddable":true,"href":"https:\/\/www.ttc-darmstadt.de\/blog\/wp-json\/wp\/v2\/categories?post=4960"},{"taxonomy":"post_tag","embeddable":true,"href":"https:\/\/www.ttc-darmstadt.de\/blog\/wp-json\/wp\/v2\/tags?post=4960"}],"curies":[{"name":"wp","href":"https:\/\/api.w.org\/{rel}","templated":true}]}}