{"id":4949,"date":"2023-11-23T09:52:41","date_gmt":"2023-11-23T07:52:41","guid":{"rendered":"https:\/\/www.ttc-darmstadt.de\/blog\/?p=4949"},"modified":"2023-11-23T09:52:43","modified_gmt":"2023-11-23T07:52:43","slug":"unsere-maedchen-beim-damen-bundesligaspiel-des-tsv-langstadt","status":"publish","type":"post","link":"https:\/\/www.ttc-darmstadt.de\/blog\/unsere-maedchen-beim-damen-bundesligaspiel-des-tsv-langstadt\/","title":{"rendered":"Unsere M\u00e4dchen beim Damen-Bundesligaspiel des TSV Langstadt!"},"content":{"rendered":"\n<p>Am 29. Oktober 2023 war es soweit. Auf Einladung des TSV Langstadt waren unsere Nachwuchs-M\u00e4dchen zum Bundesligaspiel des TSV Langstadt in die Eckehard-Colmar Halle eingeladen. Die Gegnerinnen kamen aus Jena und bei der erstklassigen Besetzung&nbsp;beider Mannschaften, mit vielen Nationalspielerinnen, war ein sehr spannendes Spiel zu erwarten. Der sportliche Leiter des TSV Langstadt Manfred K\u00e4mmerer begr\u00fc\u00dfte neben den Bundesligaspielerinnen und den Schiedsrichtern auch explizit unsere M\u00e4dchen und unseren Verein.<\/p>\n\n\n\n<p>Unsere M\u00e4dchen\u00a0konnten hochklassige Spiel sehen und am Ende gab es ein zwar gerechtes 5:5, aber wir h\u00e4tten nat\u00fcrlich lieber einen Langst\u00e4dter Sieg gesehen.\u00a0Spitzenspielerin Chantal &#8222;Chanti&#8220; Mantz und ihre erstklassigen Mitstreiterinnen Franziska &#8222;Franzi&#8220; Schreiner, Izabela Lupulesku und der deutschen Nachwuchshoffnung Lorena Morsch gaben danach noch Autogramme und das &#8222;I-T\u00fcpfelchen&#8220; war ein Gruppenfoto. Wir hatten einen tollen Nachmittag und glauben, dass es f\u00fcr alle ein unvergessliches Ereignis war, das bestimmt mal wiederholt wird.<\/p>\n\n\n\n<figure class=\"wp-block-image size-large is-resized\"><img loading=\"lazy\" decoding=\"async\" src=\"https:\/\/www.ttc-darmstadt.de\/blog\/wp-content\/uploads\/Langstadt-Maedchen-644x483.jpg\" alt=\"\" class=\"wp-image-4950\" width=\"506\" height=\"380\" srcset=\"https:\/\/www.ttc-darmstadt.de\/blog\/wp-content\/uploads\/Langstadt-Maedchen-644x483.jpg 644w, https:\/\/www.ttc-darmstadt.de\/blog\/wp-content\/uploads\/Langstadt-Maedchen-300x225.jpg 300w, https:\/\/www.ttc-darmstadt.de\/blog\/wp-content\/uploads\/Langstadt-Maedchen-768x576.jpg 768w, https:\/\/www.ttc-darmstadt.de\/blog\/wp-content\/uploads\/Langstadt-Maedchen-1536x1151.jpg 1536w, https:\/\/www.ttc-darmstadt.de\/blog\/wp-content\/uploads\/Langstadt-Maedchen-135x100.jpg 135w, https:\/\/www.ttc-darmstadt.de\/blog\/wp-content\/uploads\/Langstadt-Maedchen.jpg 1600w\" sizes=\"auto, (max-width: 506px) 100vw, 506px\" \/><figcaption>Gruppenfoto mit der Bundesliga Mannschaft aus Langstadt<\/figcaption><\/figure>\n\n\n\n<p><em>Text und Bild: Wolfram<\/em><\/p>\n","protected":false},"excerpt":{"rendered":"<p>Am 29. Oktober 2023 war es soweit. Auf Einladung des TSV Langstadt waren unsere Nachwuchs-M\u00e4dchen zum Bundesligaspiel des TSV Langstadt in die Eckehard-Colmar Halle eingeladen. Die Gegnerinnen kamen aus Jena [&hellip;]<\/p>\n","protected":false},"author":123457,"featured_media":4950,"comment_status":"closed","ping_status":"closed","sticky":false,"template":"","format":"standard","meta":{"ngg_post_thumbnail":0,"footnotes":""},"categories":[1],"tags":[277,144,272,204,52],"class_list":["post-4949","post","type-post","status-publish","format-standard","has-post-thumbnail","hentry","category-verein","tag-bundesliga","tag-darmstadt","tag-httv","tag-nachwuchs","tag-tischtennis"],"_links":{"self":[{"href":"https:\/\/www.ttc-darmstadt.de\/blog\/wp-json\/wp\/v2\/posts\/4949","targetHints":{"allow":["GET"]}}],"collection":[{"href":"https:\/\/www.ttc-darmstadt.de\/blog\/wp-json\/wp\/v2\/posts"}],"about":[{"href":"https:\/\/www.ttc-darmstadt.de\/blog\/wp-json\/wp\/v2\/types\/post"}],"author":[{"embeddable":true,"href":"https:\/\/www.ttc-darmstadt.de\/blog\/wp-json\/wp\/v2\/users\/123457"}],"replies":[{"embeddable":true,"href":"https:\/\/www.ttc-darmstadt.de\/blog\/wp-json\/wp\/v2\/comments?post=4949"}],"version-history":[{"count":1,"href":"https:\/\/www.ttc-darmstadt.de\/blog\/wp-json\/wp\/v2\/posts\/4949\/revisions"}],"predecessor-version":[{"id":4951,"href":"https:\/\/www.ttc-darmstadt.de\/blog\/wp-json\/wp\/v2\/posts\/4949\/revisions\/4951"}],"wp:featuredmedia":[{"embeddable":true,"href":"https:\/\/www.ttc-darmstadt.de\/blog\/wp-json\/wp\/v2\/media\/4950"}],"wp:attachment":[{"href":"https:\/\/www.ttc-darmstadt.de\/blog\/wp-json\/wp\/v2\/media?parent=4949"}],"wp:term":[{"taxonomy":"category","embeddable":true,"href":"https:\/\/www.ttc-darmstadt.de\/blog\/wp-json\/wp\/v2\/categories?post=4949"},{"taxonomy":"post_tag","embeddable":true,"href":"https:\/\/www.ttc-darmstadt.de\/blog\/wp-json\/wp\/v2\/tags?post=4949"}],"curies":[{"name":"wp","href":"https:\/\/api.w.org\/{rel}","templated":true}]}}