{"id":4947,"date":"2023-11-22T23:33:38","date_gmt":"2023-11-22T21:33:38","guid":{"rendered":"https:\/\/www.ttc-darmstadt.de\/blog\/?p=4947"},"modified":"2023-11-22T23:33:40","modified_gmt":"2023-11-22T21:33:40","slug":"ueberraschungsfeier-fuer-wolfgang-wolle-schmidt","status":"publish","type":"post","link":"https:\/\/www.ttc-darmstadt.de\/blog\/ueberraschungsfeier-fuer-wolfgang-wolle-schmidt\/","title":{"rendered":"\u00dcberraschungsfeier f\u00fcr Wolfgang &#8222;Wolle&#8220; Schmidt"},"content":{"rendered":"\n<p>Am Montag, den 20.11.2023 wurde Wolfgang Schmidt 70 Jahre jung. Er hat es sich nicht nehmen lassen, auch an diesem Tag die \u201eMontagsgruppe\u201c zu trainieren. Ca. 40 Mitglieder \u00fcberraschten Wolfgang als sie mit Musik, Wunderkerzen und Getr\u00e4nken in die Halle gekommen sind. Der 1. Vorsitzende, Wolfram Sch\u00e4fer, gratulierte im Namen aller Vereinsmitglieder. Die Verdienste von Wolfgang kann ich an dieser Stelle gar nicht alle auff\u00fchren. Seit 42 Jahren ist er Mitglied in unserem Verein und heute noch im gesch\u00e4ftsf\u00fchrenden Vorstand als Kassenwart und k\u00fcmmert sich mit ganzer Leidenschaft um das Clubheim. Nach der \u00dcberraschung in der Halle wurde anschlie\u00dfend noch im Clubheim feuchtfr\u00f6hlich gefeiert.<\/p>\n\n\n\n<figure class=\"wp-block-image size-large is-resized\"><img loading=\"lazy\" decoding=\"async\" src=\"https:\/\/www.ttc-darmstadt.de\/blog\/wp-content\/uploads\/wolle-2-644x363.jpg\" alt=\"Geschenk\u00fcbergabe zum Geburtstag von Wolfgang Schmidt\" class=\"wp-image-4944\" width=\"467\" height=\"263\" srcset=\"https:\/\/www.ttc-darmstadt.de\/blog\/wp-content\/uploads\/wolle-2-644x363.jpg 644w, https:\/\/www.ttc-darmstadt.de\/blog\/wp-content\/uploads\/wolle-2-300x169.jpg 300w, https:\/\/www.ttc-darmstadt.de\/blog\/wp-content\/uploads\/wolle-2-768x432.jpg 768w, https:\/\/www.ttc-darmstadt.de\/blog\/wp-content\/uploads\/wolle-2-1536x865.jpg 1536w, https:\/\/www.ttc-darmstadt.de\/blog\/wp-content\/uploads\/wolle-2.jpg 2048w\" sizes=\"auto, (max-width: 467px) 100vw, 467px\" \/><figcaption>Geschenk\u00fcbergabe zum Geburtstag von Wolfgang Schmidt<\/figcaption><\/figure>\n\n\n\n<figure class=\"wp-block-image size-large is-resized\"><img loading=\"lazy\" decoding=\"async\" src=\"https:\/\/www.ttc-darmstadt.de\/blog\/wp-content\/uploads\/wolle-1-644x363.jpg\" alt=\"Wolfram Sch\u00e4fer mit einer Rede zum 70. Geburtstag\" class=\"wp-image-4943\" width=\"467\" height=\"263\" srcset=\"https:\/\/www.ttc-darmstadt.de\/blog\/wp-content\/uploads\/wolle-1-644x363.jpg 644w, https:\/\/www.ttc-darmstadt.de\/blog\/wp-content\/uploads\/wolle-1-300x169.jpg 300w, https:\/\/www.ttc-darmstadt.de\/blog\/wp-content\/uploads\/wolle-1-768x432.jpg 768w, https:\/\/www.ttc-darmstadt.de\/blog\/wp-content\/uploads\/wolle-1-1536x865.jpg 1536w, https:\/\/www.ttc-darmstadt.de\/blog\/wp-content\/uploads\/wolle-1.jpg 2048w\" sizes=\"auto, (max-width: 467px) 100vw, 467px\" \/><figcaption>Wolfram Sch\u00e4fer mit einer Rede zum 70. Geburtstag<\/figcaption><\/figure>\n\n\n\n<figure class=\"wp-block-image size-large is-resized\"><img loading=\"lazy\" decoding=\"async\" src=\"https:\/\/www.ttc-darmstadt.de\/blog\/wp-content\/uploads\/wolle-3-644x483.jpg\" alt=\"70. Geburtstag von Wolfgang Schmidt\" class=\"wp-image-4945\" width=\"466\" height=\"350\" srcset=\"https:\/\/www.ttc-darmstadt.de\/blog\/wp-content\/uploads\/wolle-3-644x483.jpg 644w, https:\/\/www.ttc-darmstadt.de\/blog\/wp-content\/uploads\/wolle-3-300x225.jpg 300w, https:\/\/www.ttc-darmstadt.de\/blog\/wp-content\/uploads\/wolle-3-768x576.jpg 768w, https:\/\/www.ttc-darmstadt.de\/blog\/wp-content\/uploads\/wolle-3-135x100.jpg 135w, https:\/\/www.ttc-darmstadt.de\/blog\/wp-content\/uploads\/wolle-3.jpg 1024w\" sizes=\"auto, (max-width: 466px) 100vw, 466px\" \/><figcaption>70. Geburtstag von Wolfgang Schmidt<\/figcaption><\/figure>\n\n\n\n<p>Bilder: Benny + Ta<em>mmo; Text: Frank<\/em><\/p>\n","protected":false},"excerpt":{"rendered":"<p>Am Montag, den 20.11.2023 wurde Wolfgang Schmidt 70 Jahre jung. Er hat es sich nicht nehmen lassen, auch an diesem Tag die \u201eMontagsgruppe\u201c zu trainieren. Ca. 40 Mitglieder \u00fcberraschten Wolfgang [&hellip;]<\/p>\n","protected":false},"author":123457,"featured_media":4945,"comment_status":"closed","ping_status":"closed","sticky":false,"template":"","format":"standard","meta":{"ngg_post_thumbnail":0,"footnotes":""},"categories":[1],"tags":[144,184,215,52],"class_list":["post-4947","post","type-post","status-publish","format-standard","has-post-thumbnail","hentry","category-verein","tag-darmstadt","tag-feier","tag-jubilaeum","tag-tischtennis"],"_links":{"self":[{"href":"https:\/\/www.ttc-darmstadt.de\/blog\/wp-json\/wp\/v2\/posts\/4947","targetHints":{"allow":["GET"]}}],"collection":[{"href":"https:\/\/www.ttc-darmstadt.de\/blog\/wp-json\/wp\/v2\/posts"}],"about":[{"href":"https:\/\/www.ttc-darmstadt.de\/blog\/wp-json\/wp\/v2\/types\/post"}],"author":[{"embeddable":true,"href":"https:\/\/www.ttc-darmstadt.de\/blog\/wp-json\/wp\/v2\/users\/123457"}],"replies":[{"embeddable":true,"href":"https:\/\/www.ttc-darmstadt.de\/blog\/wp-json\/wp\/v2\/comments?post=4947"}],"version-history":[{"count":1,"href":"https:\/\/www.ttc-darmstadt.de\/blog\/wp-json\/wp\/v2\/posts\/4947\/revisions"}],"predecessor-version":[{"id":4948,"href":"https:\/\/www.ttc-darmstadt.de\/blog\/wp-json\/wp\/v2\/posts\/4947\/revisions\/4948"}],"wp:featuredmedia":[{"embeddable":true,"href":"https:\/\/www.ttc-darmstadt.de\/blog\/wp-json\/wp\/v2\/media\/4945"}],"wp:attachment":[{"href":"https:\/\/www.ttc-darmstadt.de\/blog\/wp-json\/wp\/v2\/media?parent=4947"}],"wp:term":[{"taxonomy":"category","embeddable":true,"href":"https:\/\/www.ttc-darmstadt.de\/blog\/wp-json\/wp\/v2\/categories?post=4947"},{"taxonomy":"post_tag","embeddable":true,"href":"https:\/\/www.ttc-darmstadt.de\/blog\/wp-json\/wp\/v2\/tags?post=4947"}],"curies":[{"name":"wp","href":"https:\/\/api.w.org\/{rel}","templated":true}]}}