{"id":4939,"date":"2023-11-14T10:05:47","date_gmt":"2023-11-14T08:05:47","guid":{"rendered":"https:\/\/www.ttc-darmstadt.de\/blog\/?p=4939"},"modified":"2023-11-14T10:05:49","modified_gmt":"2023-11-14T08:05:49","slug":"jonathan-und-joel-spielten-auf-bundesebene-vor","status":"publish","type":"post","link":"https:\/\/www.ttc-darmstadt.de\/blog\/jonathan-und-joel-spielten-auf-bundesebene-vor\/","title":{"rendered":"Jonathan und Joel spielten auf Bundesebene vor"},"content":{"rendered":"\n<p>Vom 8. \u2013 12.11.23 fuhren Jonathan und Joel zur zweiten Sichtungsstufe des Deutschen Tischtennis Bundes (DTTB) nach D\u00fcsseldorf ins Deutsche Tischtennis-Zentrum (DTTZ). Bei dieser Sichtung nahmen 17 Jungs in den Jahrg\u00e4ngen 2012 und j\u00fcnger sowie 16 M\u00e4dchen aus dem ganzen Bundesgebiet teil. Der Landesverband Hessen fuhr mit einem achtk\u00f6pfigen Aufgebot in die Stadt am Rhein, vier M\u00e4dchen und vier Jungs.<\/p>\n\n\n\n<p>Die Trainer des Deutschen Tischtennis Bundes (DTTB) wurde auf unser \u201eDuo\u201c in der ersten f\u00fcnft\u00e4gigen Regionalsichtung im Oktober in Bad Blankenburg (Th\u00fcringen) aufmerksam. F\u00fcr diese hatte die Verbandstrainerin Katharina Szabo und St\u00fctzpunkttrainer Thomas Hauke die beiden Hessenauswahl-Spieler vorgeschlagen.<\/p>\n\n\n\n<p>Bei der ersten Sichtungsstufe \u2013 eine Regionalsichtung in Bad Blankenburg Anfang Oktober &#8211; \u00fcberzeugten beide vor allem auch jenseits von Spiel, Satz und Sieg. Anders als bei Hessenkader-Sichtungen wurde in Th\u00fcringen zwar auch Tischtennis in Turnier- und Wettkampfform gespielt.<\/p>\n\n\n\n<p>Dreieinhalb der f\u00fcnf Tage seien voll mit Stations\u00fcbungen gewesen, in denen die Talente aus Hessen und aus den benachbarten Landesverb\u00e4nden auf Zeit Geschicklichkeit und Pr\u00e4zision im Umgang mit dem Ball beweisen mussten. Koordinative und motorische F\u00e4higkeiten sind hier besonders gefragt.<\/p>\n\n\n\n<p>Diese Inhalte wurden in D\u00fcsseldorf ebenfalls verlangt. Zudem pr\u00fcfte man die Weiterentwicklung der letzten f\u00fcnf Wochen. Neben tollen Tagen konnten die beiden auch die Bundesligamannschaft von Borussia D\u00fcsseldorf bewundern. W\u00e4hrend man beim Training der Weltklasseprofis zusehen konnte, wurden auch erfolgreich einige Autogramme gesammelt. Teilweise bis zu drei Einheiten am Tag verlangten allen Talenten einiges ab. So wurden auch 16 Einzel mit jeweils drei S\u00e4tzen (z.B. 2:1, 3:0) gespielt.<\/p>\n\n\n\n<p>Beide Sichtungen waren tolle Erfahrungen. Diese haben die 10-j\u00e4hrigen Jungs nicht nur im Tischtennis, sondern auch in ihrem wirklichen Leben einen gro\u00dfen Schritt vorangebracht. Joel hat die Qualfikation zur dritten Stufe geschafft. So wird er vom 10. \u2013 16.12. erneut nach D\u00fcsseldorf reisen. Jonathan wird sicherlich im April nochmals eingeladen, da er am Fu\u00df etwas gehandicapt war.<\/p>\n\n\n\n<figure class=\"wp-block-image size-large is-resized\"><img loading=\"lazy\" decoding=\"async\" src=\"https:\/\/www.ttc-darmstadt.de\/blog\/wp-content\/uploads\/Foto_Jonathan-und-Joel-im-DTTZ-in-Duesseldorf-644x483.jpeg\" alt=\"\" class=\"wp-image-4940\" width=\"482\" height=\"362\" srcset=\"https:\/\/www.ttc-darmstadt.de\/blog\/wp-content\/uploads\/Foto_Jonathan-und-Joel-im-DTTZ-in-Duesseldorf-644x483.jpeg 644w, https:\/\/www.ttc-darmstadt.de\/blog\/wp-content\/uploads\/Foto_Jonathan-und-Joel-im-DTTZ-in-Duesseldorf-300x225.jpeg 300w, https:\/\/www.ttc-darmstadt.de\/blog\/wp-content\/uploads\/Foto_Jonathan-und-Joel-im-DTTZ-in-Duesseldorf-768x576.jpeg 768w, https:\/\/www.ttc-darmstadt.de\/blog\/wp-content\/uploads\/Foto_Jonathan-und-Joel-im-DTTZ-in-Duesseldorf-1536x1152.jpeg 1536w, https:\/\/www.ttc-darmstadt.de\/blog\/wp-content\/uploads\/Foto_Jonathan-und-Joel-im-DTTZ-in-Duesseldorf-135x100.jpeg 135w, https:\/\/www.ttc-darmstadt.de\/blog\/wp-content\/uploads\/Foto_Jonathan-und-Joel-im-DTTZ-in-Duesseldorf.jpeg 2000w\" sizes=\"auto, (max-width: 482px) 100vw, 482px\" \/><figcaption>Joel und Jonathan<\/figcaption><\/figure>\n\n\n\n<p>Text und Bild: Benny<\/p>\n","protected":false},"excerpt":{"rendered":"<p>Vom 8. \u2013 12.11.23 fuhren Jonathan und Joel zur zweiten Sichtungsstufe des Deutschen Tischtennis Bundes (DTTB) nach D\u00fcsseldorf ins Deutsche Tischtennis-Zentrum (DTTZ). Bei dieser Sichtung nahmen 17 Jungs in den [&hellip;]<\/p>\n","protected":false},"author":123457,"featured_media":4940,"comment_status":"closed","ping_status":"closed","sticky":false,"template":"","format":"standard","meta":{"ngg_post_thumbnail":0,"footnotes":""},"categories":[1],"tags":[274,276,275,52],"class_list":["post-4939","post","type-post","status-publish","format-standard","has-post-thumbnail","hentry","category-verein","tag-darmstadt-2","tag-dttb","tag-nachwuchs-2","tag-tischtennis"],"_links":{"self":[{"href":"https:\/\/www.ttc-darmstadt.de\/blog\/wp-json\/wp\/v2\/posts\/4939","targetHints":{"allow":["GET"]}}],"collection":[{"href":"https:\/\/www.ttc-darmstadt.de\/blog\/wp-json\/wp\/v2\/posts"}],"about":[{"href":"https:\/\/www.ttc-darmstadt.de\/blog\/wp-json\/wp\/v2\/types\/post"}],"author":[{"embeddable":true,"href":"https:\/\/www.ttc-darmstadt.de\/blog\/wp-json\/wp\/v2\/users\/123457"}],"replies":[{"embeddable":true,"href":"https:\/\/www.ttc-darmstadt.de\/blog\/wp-json\/wp\/v2\/comments?post=4939"}],"version-history":[{"count":1,"href":"https:\/\/www.ttc-darmstadt.de\/blog\/wp-json\/wp\/v2\/posts\/4939\/revisions"}],"predecessor-version":[{"id":4941,"href":"https:\/\/www.ttc-darmstadt.de\/blog\/wp-json\/wp\/v2\/posts\/4939\/revisions\/4941"}],"wp:featuredmedia":[{"embeddable":true,"href":"https:\/\/www.ttc-darmstadt.de\/blog\/wp-json\/wp\/v2\/media\/4940"}],"wp:attachment":[{"href":"https:\/\/www.ttc-darmstadt.de\/blog\/wp-json\/wp\/v2\/media?parent=4939"}],"wp:term":[{"taxonomy":"category","embeddable":true,"href":"https:\/\/www.ttc-darmstadt.de\/blog\/wp-json\/wp\/v2\/categories?post=4939"},{"taxonomy":"post_tag","embeddable":true,"href":"https:\/\/www.ttc-darmstadt.de\/blog\/wp-json\/wp\/v2\/tags?post=4939"}],"curies":[{"name":"wp","href":"https:\/\/api.w.org\/{rel}","templated":true}]}}