{"id":4934,"date":"2023-11-06T21:54:21","date_gmt":"2023-11-06T19:54:21","guid":{"rendered":"https:\/\/www.ttc-darmstadt.de\/blog\/?p=4934"},"modified":"2023-11-06T21:54:23","modified_gmt":"2023-11-06T19:54:23","slug":"jonathan-mit-platz-3-und-titel-im-doppel-bei-bezirksmeisterschaften-jungen-13","status":"publish","type":"post","link":"https:\/\/www.ttc-darmstadt.de\/blog\/jonathan-mit-platz-3-und-titel-im-doppel-bei-bezirksmeisterschaften-jungen-13\/","title":{"rendered":"Jonathan mit Platz 3 und Titel im Doppel bei Bezirksmeisterschaften Jungen 13"},"content":{"rendered":"\n<p>An diesem Wochenende fanden in H\u00f6chst im Odenwald die Bezirksmeisterschaften des Nachwuchses im Bezirk S\u00fcd statt. Am Samstag machte Jonathan den Anfang in der Altersklasse Jungen 13. In einer F\u00fcnfergruppe konnte Jonathan mit 3:1 Spielen, darunter ein entscheidender F\u00fcnfsatzerfolg im Spiel um Platz zwei, den zweiten Platz belegen. Im Achtelfinale folgte ein starker k\u00e4mpferischer F\u00fcnfsatzerfolg mit 12:10 im Entscheidungssatz, ehe Jonathan ebenfalls dank einer hervorragender Leistung (spielerisch und l\u00e4uferisch) gegen Adrian Klees (DJK TTC Ober-Roden) in f\u00fcnf S\u00e4tzen in\u00b4s Halbfinale st\u00fcrmte. Hier traf er auf den an eins gesetzten Spieler \u2013 zugleich auch sein Doppelpartner \u2013 Benjamin Zilch vom TV Eschersheim. Beide zeigten sehr tolle lange Ballwechsel, wobei sich das Nachwuchstalent knapp in vier S\u00e4tzen geschlagen geben musste. Doch die Trauer war nur kurz \u2013 Erstens war Jonathan durch sein Halbfinaleinzug schon f\u00fcr die Hessische Meisterschaft qualifiziert \u2013 zweitens gewann er mit Benjamin die Doppelkonkurrenz.<\/p>\n\n\n\n<p>Ein gro\u00dfer Dank geht an Betreuer Markus.<\/p>\n\n\n\n<p>Sonntags gingen Lilia und Joel in der Konkurrenz M\u00e4dchen 15 und Jungen 15 an den Start. Beide erreichten in der Vorrundengruppe den zweiten Platz, schieden dann aber im Viertel- bzw. Achtelfinale gegen st\u00e4rker einzusch\u00e4tzende Spieler direkt aus. Dennoch hatten beide schon bessere Tage. Im Doppel konnten beide ihre erste Begegnungen gewinnen. So schied Lilia mit Ihrer Partnerin im Halbfinale aus, w\u00e4hrend Joel im Viertelfinale die Segel streichen musste. Ein Dank an Tim und Benny f\u00fcr die Betreuung der beiden Athleten.<\/p>\n\n\n\n<p>Jonathan wird zusammen mit Joel die Fahnen des 1. TTC bei den Hessischen Meisterschaften J11 im Dezember und J13 im Januar vertreten.<\/p>\n\n\n\n<figure class=\"wp-block-image size-large is-resized\"><img loading=\"lazy\" decoding=\"async\" src=\"https:\/\/www.ttc-darmstadt.de\/blog\/wp-content\/uploads\/Benny-und-Jonathan-Bezirksmeister-im-Doppel-J13-644x1145.jpeg\" alt=\"Benny und Jonathan - Bezirksmeister im Doppel J13\" class=\"wp-image-4937\" width=\"320\" height=\"569\" srcset=\"https:\/\/www.ttc-darmstadt.de\/blog\/wp-content\/uploads\/Benny-und-Jonathan-Bezirksmeister-im-Doppel-J13-644x1145.jpeg 644w, https:\/\/www.ttc-darmstadt.de\/blog\/wp-content\/uploads\/Benny-und-Jonathan-Bezirksmeister-im-Doppel-J13-169x300.jpeg 169w, https:\/\/www.ttc-darmstadt.de\/blog\/wp-content\/uploads\/Benny-und-Jonathan-Bezirksmeister-im-Doppel-J13-768x1365.jpeg 768w, https:\/\/www.ttc-darmstadt.de\/blog\/wp-content\/uploads\/Benny-und-Jonathan-Bezirksmeister-im-Doppel-J13-864x1536.jpeg 864w, https:\/\/www.ttc-darmstadt.de\/blog\/wp-content\/uploads\/Benny-und-Jonathan-Bezirksmeister-im-Doppel-J13.jpeg 1152w\" sizes=\"auto, (max-width: 320px) 100vw, 320px\" \/><figcaption>Benny und Jonathan &#8211; Bezirksmeister im Doppel J13<\/figcaption><\/figure>\n\n\n\n<figure class=\"wp-block-image size-large is-resized\"><img loading=\"lazy\" decoding=\"async\" src=\"https:\/\/www.ttc-darmstadt.de\/blog\/wp-content\/uploads\/Strahlender-Jonathan-Platz-1-im-Doppel-und-3-im-Einzel-644x1145.jpeg\" alt=\"Strahlender Jonathan - Platz 1 im Doppel und 3 im Einzel\" class=\"wp-image-4936\" width=\"319\" height=\"567\" srcset=\"https:\/\/www.ttc-darmstadt.de\/blog\/wp-content\/uploads\/Strahlender-Jonathan-Platz-1-im-Doppel-und-3-im-Einzel-644x1145.jpeg 644w, https:\/\/www.ttc-darmstadt.de\/blog\/wp-content\/uploads\/Strahlender-Jonathan-Platz-1-im-Doppel-und-3-im-Einzel-169x300.jpeg 169w, https:\/\/www.ttc-darmstadt.de\/blog\/wp-content\/uploads\/Strahlender-Jonathan-Platz-1-im-Doppel-und-3-im-Einzel-768x1365.jpeg 768w, https:\/\/www.ttc-darmstadt.de\/blog\/wp-content\/uploads\/Strahlender-Jonathan-Platz-1-im-Doppel-und-3-im-Einzel-864x1536.jpeg 864w, https:\/\/www.ttc-darmstadt.de\/blog\/wp-content\/uploads\/Strahlender-Jonathan-Platz-1-im-Doppel-und-3-im-Einzel.jpeg 1152w\" sizes=\"auto, (max-width: 319px) 100vw, 319px\" \/><figcaption>Strahlender Jonathan &#8211; Platz 1 im Doppel und 3 im Einzel<\/figcaption><\/figure>\n\n\n\n<p><em>Text und Bild: Benny<\/em><\/p>\n","protected":false},"excerpt":{"rendered":"<p>An diesem Wochenende fanden in H\u00f6chst im Odenwald die Bezirksmeisterschaften des Nachwuchses im Bezirk S\u00fcd statt. Am Samstag machte Jonathan den Anfang in der Altersklasse Jungen 13. In einer F\u00fcnfergruppe [&hellip;]<\/p>\n","protected":false},"author":123457,"featured_media":4936,"comment_status":"closed","ping_status":"closed","sticky":false,"template":"","format":"standard","meta":{"ngg_post_thumbnail":0,"footnotes":""},"categories":[1],"tags":[273,144,204,52],"class_list":["post-4934","post","type-post","status-publish","format-standard","has-post-thumbnail","hentry","category-verein","tag-beziksmeisterschaften","tag-darmstadt","tag-nachwuchs","tag-tischtennis"],"_links":{"self":[{"href":"https:\/\/www.ttc-darmstadt.de\/blog\/wp-json\/wp\/v2\/posts\/4934","targetHints":{"allow":["GET"]}}],"collection":[{"href":"https:\/\/www.ttc-darmstadt.de\/blog\/wp-json\/wp\/v2\/posts"}],"about":[{"href":"https:\/\/www.ttc-darmstadt.de\/blog\/wp-json\/wp\/v2\/types\/post"}],"author":[{"embeddable":true,"href":"https:\/\/www.ttc-darmstadt.de\/blog\/wp-json\/wp\/v2\/users\/123457"}],"replies":[{"embeddable":true,"href":"https:\/\/www.ttc-darmstadt.de\/blog\/wp-json\/wp\/v2\/comments?post=4934"}],"version-history":[{"count":2,"href":"https:\/\/www.ttc-darmstadt.de\/blog\/wp-json\/wp\/v2\/posts\/4934\/revisions"}],"predecessor-version":[{"id":4938,"href":"https:\/\/www.ttc-darmstadt.de\/blog\/wp-json\/wp\/v2\/posts\/4934\/revisions\/4938"}],"wp:featuredmedia":[{"embeddable":true,"href":"https:\/\/www.ttc-darmstadt.de\/blog\/wp-json\/wp\/v2\/media\/4936"}],"wp:attachment":[{"href":"https:\/\/www.ttc-darmstadt.de\/blog\/wp-json\/wp\/v2\/media?parent=4934"}],"wp:term":[{"taxonomy":"category","embeddable":true,"href":"https:\/\/www.ttc-darmstadt.de\/blog\/wp-json\/wp\/v2\/categories?post=4934"},{"taxonomy":"post_tag","embeddable":true,"href":"https:\/\/www.ttc-darmstadt.de\/blog\/wp-json\/wp\/v2\/tags?post=4934"}],"curies":[{"name":"wp","href":"https:\/\/api.w.org\/{rel}","templated":true}]}}