{"id":4927,"date":"2023-10-29T11:17:08","date_gmt":"2023-10-29T09:17:08","guid":{"rendered":"https:\/\/www.ttc-darmstadt.de\/blog\/?p=4927"},"modified":"2023-10-29T11:27:01","modified_gmt":"2023-10-29T09:27:01","slug":"lilia-ueberzeugt-bei-bezirksmeisterschaften-der-aktiven-in-stockstadt","status":"publish","type":"post","link":"https:\/\/www.ttc-darmstadt.de\/blog\/lilia-ueberzeugt-bei-bezirksmeisterschaften-der-aktiven-in-stockstadt\/","title":{"rendered":"Lilia \u00fcberzeugt bei Bezirksmeisterschaften der Aktiven in Stockstadt"},"content":{"rendered":"\n<h5 class=\"wp-block-heading\">Einzel und Doppeltitel gehen an die 12-j\u00e4hrige<\/h5>\n\n\n\n<p>Am Wochenende fanden die Bezirksmeisterschaften der Aktiven in Stockstadt statt. Vom 1. TTC ging u.a. auch Lilia bei ihrem zweiten Damenturnier im Feld der Damen C auf Titeljagd. In einem 17-k\u00f6pfigen Feld ging es f\u00fcr die j\u00fcngste Teilnehmerin der Konkurrenz zun\u00e4chst in eine Vorrundengruppe zur Qualifikation f\u00fcr das Viertelfinale. Hier konnte sie zwei Einzel f\u00fcr sich entscheiden, w\u00e4hrend sie gegen eine Materialspielerin den K\u00fcrzeren zog. Nach einem Viersatzerfolg in der Runde der letzten acht Spielerinnen lie\u00df sie ein starkes 3:0 im Halbfinale folgen. Im Finale traf sie auf Ihre Doppelpartnerin Sabine Hopp vom SV Darmstadt 98. Obwohl sie die ersten beide S\u00e4tze unterlag, k\u00e4mpfte sie sich mental und spielerisch sehr stark zur\u00fcck und konnte das Spiel zu ihren Gunsten umbiegen.<\/p>\n\n\n\n<p>Im Doppel konnte sie mit Sabine, wie schon auf Kreisebene, ebenfalls den Titel gewinnen.<\/p>\n\n\n\n<p>Sie qualifizierte sich damit auch f\u00fcr die hessischen Einzelmeisterschaften, welche im April 2024 in Korbach ausgetragen werden.<\/p>\n\n\n\n<p>Ein Dank an Betreuer Tim, der Lilia coachte.<\/p>\n\n\n\n<p><\/p>\n\n\n\n<figure class=\"wp-block-image size-large is-resized\"><img loading=\"lazy\" decoding=\"async\" src=\"https:\/\/www.ttc-darmstadt.de\/blog\/wp-content\/uploads\/Lilia-Erfolg-im-Feld-der-Damen-C-1-644x483.jpg\" alt=\"Lilia - Erfolg im Feld der Damen C-1\" class=\"wp-image-4926\" width=\"418\" height=\"314\" srcset=\"https:\/\/www.ttc-darmstadt.de\/blog\/wp-content\/uploads\/Lilia-Erfolg-im-Feld-der-Damen-C-1-644x483.jpg 644w, https:\/\/www.ttc-darmstadt.de\/blog\/wp-content\/uploads\/Lilia-Erfolg-im-Feld-der-Damen-C-1-300x225.jpg 300w, https:\/\/www.ttc-darmstadt.de\/blog\/wp-content\/uploads\/Lilia-Erfolg-im-Feld-der-Damen-C-1-768x576.jpg 768w, https:\/\/www.ttc-darmstadt.de\/blog\/wp-content\/uploads\/Lilia-Erfolg-im-Feld-der-Damen-C-1-1536x1152.jpg 1536w, https:\/\/www.ttc-darmstadt.de\/blog\/wp-content\/uploads\/Lilia-Erfolg-im-Feld-der-Damen-C-1-135x100.jpg 135w, https:\/\/www.ttc-darmstadt.de\/blog\/wp-content\/uploads\/Lilia-Erfolg-im-Feld-der-Damen-C-1.jpg 2048w\" sizes=\"auto, (max-width: 418px) 100vw, 418px\" \/><figcaption><br>Toller Triumph im Einzel f\u00fcr Lila<\/figcaption><\/figure>\n\n\n\n<figure class=\"wp-block-image size-large is-resized\"><img loading=\"lazy\" decoding=\"async\" src=\"https:\/\/www.ttc-darmstadt.de\/blog\/wp-content\/uploads\/Strahlende-Sieger-im-Doppel-Sabine-und-Lilia-644x483.jpg\" alt=\"Strahlende Sieger im Doppel - Sabine und Lilia\" class=\"wp-image-4925\" width=\"418\" height=\"314\" srcset=\"https:\/\/www.ttc-darmstadt.de\/blog\/wp-content\/uploads\/Strahlende-Sieger-im-Doppel-Sabine-und-Lilia-644x483.jpg 644w, https:\/\/www.ttc-darmstadt.de\/blog\/wp-content\/uploads\/Strahlende-Sieger-im-Doppel-Sabine-und-Lilia-300x225.jpg 300w, https:\/\/www.ttc-darmstadt.de\/blog\/wp-content\/uploads\/Strahlende-Sieger-im-Doppel-Sabine-und-Lilia-768x576.jpg 768w, https:\/\/www.ttc-darmstadt.de\/blog\/wp-content\/uploads\/Strahlende-Sieger-im-Doppel-Sabine-und-Lilia-1536x1152.jpg 1536w, https:\/\/www.ttc-darmstadt.de\/blog\/wp-content\/uploads\/Strahlende-Sieger-im-Doppel-Sabine-und-Lilia-135x100.jpg 135w, https:\/\/www.ttc-darmstadt.de\/blog\/wp-content\/uploads\/Strahlende-Sieger-im-Doppel-Sabine-und-Lilia.jpg 2048w\" sizes=\"auto, (max-width: 418px) 100vw, 418px\" \/><figcaption><br>Strahlendes Gesicht von Lilia bei den Damen C \u2013 Titel im Doppel mit Sabine<\/figcaption><\/figure>\n\n\n\n<p><em>Text und Bilder: Benny<\/em><\/p>\n","protected":false},"excerpt":{"rendered":"<p>Einzel und Doppeltitel gehen an die 12-j\u00e4hrige Am Wochenende fanden die Bezirksmeisterschaften der Aktiven in Stockstadt statt. Vom 1. TTC ging u.a. auch Lilia bei ihrem zweiten Damenturnier im Feld [&hellip;]<\/p>\n","protected":false},"author":123457,"featured_media":4926,"comment_status":"closed","ping_status":"closed","sticky":false,"template":"","format":"standard","meta":{"ngg_post_thumbnail":0,"footnotes":""},"categories":[1],"tags":[144,272,204,52],"class_list":["post-4927","post","type-post","status-publish","format-standard","has-post-thumbnail","hentry","category-verein","tag-darmstadt","tag-httv","tag-nachwuchs","tag-tischtennis"],"_links":{"self":[{"href":"https:\/\/www.ttc-darmstadt.de\/blog\/wp-json\/wp\/v2\/posts\/4927","targetHints":{"allow":["GET"]}}],"collection":[{"href":"https:\/\/www.ttc-darmstadt.de\/blog\/wp-json\/wp\/v2\/posts"}],"about":[{"href":"https:\/\/www.ttc-darmstadt.de\/blog\/wp-json\/wp\/v2\/types\/post"}],"author":[{"embeddable":true,"href":"https:\/\/www.ttc-darmstadt.de\/blog\/wp-json\/wp\/v2\/users\/123457"}],"replies":[{"embeddable":true,"href":"https:\/\/www.ttc-darmstadt.de\/blog\/wp-json\/wp\/v2\/comments?post=4927"}],"version-history":[{"count":4,"href":"https:\/\/www.ttc-darmstadt.de\/blog\/wp-json\/wp\/v2\/posts\/4927\/revisions"}],"predecessor-version":[{"id":4932,"href":"https:\/\/www.ttc-darmstadt.de\/blog\/wp-json\/wp\/v2\/posts\/4927\/revisions\/4932"}],"wp:featuredmedia":[{"embeddable":true,"href":"https:\/\/www.ttc-darmstadt.de\/blog\/wp-json\/wp\/v2\/media\/4926"}],"wp:attachment":[{"href":"https:\/\/www.ttc-darmstadt.de\/blog\/wp-json\/wp\/v2\/media?parent=4927"}],"wp:term":[{"taxonomy":"category","embeddable":true,"href":"https:\/\/www.ttc-darmstadt.de\/blog\/wp-json\/wp\/v2\/categories?post=4927"},{"taxonomy":"post_tag","embeddable":true,"href":"https:\/\/www.ttc-darmstadt.de\/blog\/wp-json\/wp\/v2\/tags?post=4927"}],"curies":[{"name":"wp","href":"https:\/\/api.w.org\/{rel}","templated":true}]}}