{"id":4920,"date":"2023-10-19T08:58:42","date_gmt":"2023-10-19T06:58:42","guid":{"rendered":"https:\/\/www.ttc-darmstadt.de\/blog\/?p=4920"},"modified":"2023-10-19T08:58:44","modified_gmt":"2023-10-19T06:58:44","slug":"rueckblick-oktoberfest","status":"publish","type":"post","link":"https:\/\/www.ttc-darmstadt.de\/blog\/rueckblick-oktoberfest\/","title":{"rendered":"R\u00fcckblick Oktoberfest"},"content":{"rendered":"\n<p>Am 8. Oktober 2023 fand wieder mal unser tolles Oktoberfest statt. Ein Besucher schilderte seine Eindr\u00fccke, die wir gerne ver\u00f6ffentlichen:<\/p>\n\n\n\n<p>Der 1. TTC Darmstadt ist \u00fcber Darmstadts Stadtgrenzen hinaus daf\u00fcr bekannt, dass er tischtennisbegeisterten Menschen von jung bis alt au\u00dfergew\u00f6hnlich vielf\u00e4ltige M\u00f6glichkeiten zur Aus\u00fcbung dieses beliebten Freizeitsportes bietet. Dar\u00fcber hinaus versteht sich der Verein, der im gesellschaftlichen Leben der Heimst\u00e4ttensiedlung fest verwurzelt ist, aber auch als offene Kommunikationsplattform sowohl f\u00fcr Vereinsmitglieder als auch f\u00fcr Freunde des Vereins sowie allgemein interessierte Menschen aus dem n\u00e4heren Umfeld. Dieses Selbstverst\u00e4ndnis findet seinen Ausdruck in dem Angebot einer Reihe geselliger Veranstaltungen wie z. B. dem Fest zum 01. Mai, dem Sommerfest und dem Oktoberfest, aber auch in der aktiven Mitwirkung bei gemeinschaftlichen Festen wie der Heimst\u00e4ttenkerb.<\/p>\n\n\n\n<p>So wurde auch das diesj\u00e4hrige Oktoberfest, zu dem der Verein am 08.10.2023 ab 11.00 Uhr eingeladen hatte, wieder zu einem vollen Erfolg. Bei einem \u00fcppigen warmen\/kalten Buffet mit vielf\u00e4ltigen leckeren Speisen, das das bew\u00e4hrte Organisationsteam Brigitte Spie\u00df und Wolfgang Schmidt trotz der allgemeinen Teuerung wiederum zu einem sozial vertr\u00e4glichen Preis gezaubert hatte, lie\u00dfen es sich die nahezu 50 Besucher, einer bunten Mischung aus aktiven Vereinsmitgliedern, ehemals aktiven Senioren und deren Partnern sowie Freunden des Vereins bei bester Stimmung viele Stunden richtig gut gehen.<\/p>\n\n\n\n<p>Anonymus<\/p>\n\n\n\n<figure class=\"wp-block-image size-large is-resized\"><img loading=\"lazy\" decoding=\"async\" src=\"https:\/\/www.ttc-darmstadt.de\/blog\/wp-content\/uploads\/Oktoberfest-2023-644x483.webp\" alt=\"\" class=\"wp-image-4921\" width=\"455\" height=\"341\" srcset=\"https:\/\/www.ttc-darmstadt.de\/blog\/wp-content\/uploads\/Oktoberfest-2023-644x483.webp 644w, https:\/\/www.ttc-darmstadt.de\/blog\/wp-content\/uploads\/Oktoberfest-2023-300x225.webp 300w, https:\/\/www.ttc-darmstadt.de\/blog\/wp-content\/uploads\/Oktoberfest-2023-768x576.webp 768w, https:\/\/www.ttc-darmstadt.de\/blog\/wp-content\/uploads\/Oktoberfest-2023-135x100.webp 135w, https:\/\/www.ttc-darmstadt.de\/blog\/wp-content\/uploads\/Oktoberfest-2023.webp 1024w\" sizes=\"auto, (max-width: 455px) 100vw, 455px\" \/><figcaption>Volle H\u00fctte beim Oktoberfest<\/figcaption><\/figure>\n\n\n\n<figure class=\"wp-block-image size-large is-resized\"><img loading=\"lazy\" decoding=\"async\" src=\"https:\/\/www.ttc-darmstadt.de\/blog\/wp-content\/uploads\/Oktoberfest-2023_1-644x483.webp\" alt=\"\" class=\"wp-image-4922\" width=\"455\" height=\"341\" srcset=\"https:\/\/www.ttc-darmstadt.de\/blog\/wp-content\/uploads\/Oktoberfest-2023_1-644x483.webp 644w, https:\/\/www.ttc-darmstadt.de\/blog\/wp-content\/uploads\/Oktoberfest-2023_1-300x225.webp 300w, https:\/\/www.ttc-darmstadt.de\/blog\/wp-content\/uploads\/Oktoberfest-2023_1-768x576.webp 768w, https:\/\/www.ttc-darmstadt.de\/blog\/wp-content\/uploads\/Oktoberfest-2023_1-135x100.webp 135w, https:\/\/www.ttc-darmstadt.de\/blog\/wp-content\/uploads\/Oktoberfest-2023_1.webp 1080w\" sizes=\"auto, (max-width: 455px) 100vw, 455px\" \/><figcaption>Oktoberfest beim 1. TTC Darmstadt in der Heimst\u00e4ttensiedlung<\/figcaption><\/figure>\n","protected":false},"excerpt":{"rendered":"<p>Am 8. Oktober 2023 fand wieder mal unser tolles Oktoberfest statt. Ein Besucher schilderte seine Eindr\u00fccke, die wir gerne ver\u00f6ffentlichen: Der 1. TTC Darmstadt ist \u00fcber Darmstadts Stadtgrenzen hinaus daf\u00fcr [&hellip;]<\/p>\n","protected":false},"author":123457,"featured_media":4922,"comment_status":"closed","ping_status":"closed","sticky":false,"template":"","format":"standard","meta":{"ngg_post_thumbnail":0,"footnotes":""},"categories":[1],"tags":[144,271,173,52],"class_list":["post-4920","post","type-post","status-publish","format-standard","has-post-thumbnail","hentry","category-verein","tag-darmstadt","tag-heimstaettensiedlung","tag-oktoberfest","tag-tischtennis"],"_links":{"self":[{"href":"https:\/\/www.ttc-darmstadt.de\/blog\/wp-json\/wp\/v2\/posts\/4920","targetHints":{"allow":["GET"]}}],"collection":[{"href":"https:\/\/www.ttc-darmstadt.de\/blog\/wp-json\/wp\/v2\/posts"}],"about":[{"href":"https:\/\/www.ttc-darmstadt.de\/blog\/wp-json\/wp\/v2\/types\/post"}],"author":[{"embeddable":true,"href":"https:\/\/www.ttc-darmstadt.de\/blog\/wp-json\/wp\/v2\/users\/123457"}],"replies":[{"embeddable":true,"href":"https:\/\/www.ttc-darmstadt.de\/blog\/wp-json\/wp\/v2\/comments?post=4920"}],"version-history":[{"count":1,"href":"https:\/\/www.ttc-darmstadt.de\/blog\/wp-json\/wp\/v2\/posts\/4920\/revisions"}],"predecessor-version":[{"id":4923,"href":"https:\/\/www.ttc-darmstadt.de\/blog\/wp-json\/wp\/v2\/posts\/4920\/revisions\/4923"}],"wp:featuredmedia":[{"embeddable":true,"href":"https:\/\/www.ttc-darmstadt.de\/blog\/wp-json\/wp\/v2\/media\/4922"}],"wp:attachment":[{"href":"https:\/\/www.ttc-darmstadt.de\/blog\/wp-json\/wp\/v2\/media?parent=4920"}],"wp:term":[{"taxonomy":"category","embeddable":true,"href":"https:\/\/www.ttc-darmstadt.de\/blog\/wp-json\/wp\/v2\/categories?post=4920"},{"taxonomy":"post_tag","embeddable":true,"href":"https:\/\/www.ttc-darmstadt.de\/blog\/wp-json\/wp\/v2\/tags?post=4920"}],"curies":[{"name":"wp","href":"https:\/\/api.w.org\/{rel}","templated":true}]}}