{"id":4909,"date":"2023-09-16T20:54:41","date_gmt":"2023-09-16T18:54:41","guid":{"rendered":"https:\/\/www.ttc-darmstadt.de\/blog\/?p=4909"},"modified":"2023-09-16T20:54:42","modified_gmt":"2023-09-16T18:54:42","slug":"unglueckliche-niederlage-der-2-mannschaft-gegen-die-sga","status":"publish","type":"post","link":"https:\/\/www.ttc-darmstadt.de\/blog\/unglueckliche-niederlage-der-2-mannschaft-gegen-die-sga\/","title":{"rendered":"Ungl\u00fcckliche Niederlage der 2. Mannschaft gegen die SGA"},"content":{"rendered":"\n<p>Zum Saisonauftakt in der Bezirksklasse Gr.3, spielte die 2. Mannschaft ebenfalls im neuen 1.TTC-Trikot. Jonas und Horst fehlten, daf\u00fcr spielten Tim und Wolfram daheim gegen die 2. Mannschaft der SG Arheilgen. Nach den Doppeln ging man mit 1:2 raus, lediglich Tim\/Yannick konnte gegen B\u00fcchler\/Sluckin gewinnen. Pech hatte die Kombi Welli\/Michael, die im 5. Satz gegen Tischer\/Schwab verloren hatte.<br>Im Einzel gewann Tim gegen Wurzel und Yannick hatte leider das Nachsehen gegen Seemann. In der Mitte ging man dann mit 2:0 raus, als Roland \u00fcberzeugend gegen B\u00fcchler gewinnen konnte und Welli in einem wahren Krimi im 5.Satz in der Verl\u00e4ngerung die Partie f\u00fcr sich entscheiden konnte. Hinten gewann Michael nach guter Vorstellung gegen Schwab und Wolfram verlor leider knapp gegen Tischer. Im 2. Durchgang der Einzel verlor Tim leider klar gegen Seemann und Yannick hatte in einem von mehreren Krimis, die es an diesem Tag gab, das bessere Ende f\u00fcr sich im 5.Satz. In der Mitte gewann Welli deutlich, w\u00e4hrend Roland leider sehr ungl\u00fccklich im 5. Satz das Nachsehen hatte. Hinten war f\u00fcr Michael und Wolfram leider nichts zu holen, beide verloren ihre Einzel mit jeweils 1:3. Es kam wie es kommen musste zum Abschlussdoppel, welches Tim\/Yannick bestritten und leider verloren sie ungl\u00fccklich im 5. Satz nach vergebenen Matchb\u00e4llen im 4. Satz. Auch wenn die Niederlage ungl\u00fccklich war und ein Remis leistungsgerecht gewesen w\u00e4re, macht die Leistung zum Saisonauftakt Hoffnung, dass die positiven Ergebnisse schon sehr bald kommen werden.<br><br><\/p>\n\n\n\n<figure class=\"wp-block-image size-large is-resized\"><img loading=\"lazy\" decoding=\"async\" src=\"https:\/\/www.ttc-darmstadt.de\/blog\/wp-content\/uploads\/zweite-Mannschaft-23_24-644x378.jpg\" alt=\"\" class=\"wp-image-4910\" width=\"567\" height=\"333\" srcset=\"https:\/\/www.ttc-darmstadt.de\/blog\/wp-content\/uploads\/zweite-Mannschaft-23_24-644x378.jpg 644w, https:\/\/www.ttc-darmstadt.de\/blog\/wp-content\/uploads\/zweite-Mannschaft-23_24-300x176.jpg 300w, https:\/\/www.ttc-darmstadt.de\/blog\/wp-content\/uploads\/zweite-Mannschaft-23_24-768x451.jpg 768w, https:\/\/www.ttc-darmstadt.de\/blog\/wp-content\/uploads\/zweite-Mannschaft-23_24.jpg 958w\" sizes=\"auto, (max-width: 567px) 100vw, 567px\" \/><figcaption>Die 2. Mannschaft (es fehlen Horst und Jonas)<\/figcaption><\/figure>\n\n\n\n<p>Text und Bild: Michael<\/p>\n","protected":false},"excerpt":{"rendered":"<p>Zum Saisonauftakt in der Bezirksklasse Gr.3, spielte die 2. Mannschaft ebenfalls im neuen 1.TTC-Trikot. Jonas und Horst fehlten, daf\u00fcr spielten Tim und Wolfram daheim gegen die 2. Mannschaft der SG [&hellip;]<\/p>\n","protected":false},"author":123457,"featured_media":4910,"comment_status":"closed","ping_status":"closed","sticky":false,"template":"","format":"standard","meta":{"ngg_post_thumbnail":0,"footnotes":""},"categories":[1],"tags":[144,52,269],"class_list":["post-4909","post","type-post","status-publish","format-standard","has-post-thumbnail","hentry","category-verein","tag-darmstadt","tag-tischtennis","tag-wettkampf"],"_links":{"self":[{"href":"https:\/\/www.ttc-darmstadt.de\/blog\/wp-json\/wp\/v2\/posts\/4909","targetHints":{"allow":["GET"]}}],"collection":[{"href":"https:\/\/www.ttc-darmstadt.de\/blog\/wp-json\/wp\/v2\/posts"}],"about":[{"href":"https:\/\/www.ttc-darmstadt.de\/blog\/wp-json\/wp\/v2\/types\/post"}],"author":[{"embeddable":true,"href":"https:\/\/www.ttc-darmstadt.de\/blog\/wp-json\/wp\/v2\/users\/123457"}],"replies":[{"embeddable":true,"href":"https:\/\/www.ttc-darmstadt.de\/blog\/wp-json\/wp\/v2\/comments?post=4909"}],"version-history":[{"count":1,"href":"https:\/\/www.ttc-darmstadt.de\/blog\/wp-json\/wp\/v2\/posts\/4909\/revisions"}],"predecessor-version":[{"id":4911,"href":"https:\/\/www.ttc-darmstadt.de\/blog\/wp-json\/wp\/v2\/posts\/4909\/revisions\/4911"}],"wp:featuredmedia":[{"embeddable":true,"href":"https:\/\/www.ttc-darmstadt.de\/blog\/wp-json\/wp\/v2\/media\/4910"}],"wp:attachment":[{"href":"https:\/\/www.ttc-darmstadt.de\/blog\/wp-json\/wp\/v2\/media?parent=4909"}],"wp:term":[{"taxonomy":"category","embeddable":true,"href":"https:\/\/www.ttc-darmstadt.de\/blog\/wp-json\/wp\/v2\/categories?post=4909"},{"taxonomy":"post_tag","embeddable":true,"href":"https:\/\/www.ttc-darmstadt.de\/blog\/wp-json\/wp\/v2\/tags?post=4909"}],"curies":[{"name":"wp","href":"https:\/\/api.w.org\/{rel}","templated":true}]}}