{"id":4889,"date":"2023-09-09T18:42:08","date_gmt":"2023-09-09T16:42:08","guid":{"rendered":"https:\/\/www.ttc-darmstadt.de\/blog\/?p=4889"},"modified":"2023-09-10T13:55:34","modified_gmt":"2023-09-10T11:55:34","slug":"einstand-nach-mass-fuer-erste-jugend-64-auswaertserfolg-bei-der-djk-bw-muenster","status":"publish","type":"post","link":"https:\/\/www.ttc-darmstadt.de\/blog\/einstand-nach-mass-fuer-erste-jugend-64-auswaertserfolg-bei-der-djk-bw-muenster\/","title":{"rendered":"Einstand nach Ma\u00df f\u00fcr erste Jugend \u2013 6:4 Ausw\u00e4rtserfolg bei der DJK\/BW M\u00fcnster"},"content":{"rendered":"\n<p>Unser erstes Nachwuchsteam er\u00f6ffnete heute die Saison f\u00fcr den Verein. So ging es f\u00fcr Lilia, Jonathan und Joel relativ fr\u00fch zur DJK\/BW M\u00fcnster. Das Trio zeigte sich zu Spielbeginn hellwach. So konnte die Doppelpaarung Jonathan\/Lilia schnell und absolut \u00fcberzeugend in drei S\u00e4tzen die Partie f\u00fcr sich entscheiden, w\u00e4hrend Joel gegen den punkte st\u00e4rksten Spieler der ganzen Liga (Bezirksoberliga Jugend 19) ein sehr starkes Spiel zeigte und sich erst knapp mit 11:8 im Entscheidungssatz geschlagen geben musste. Lilia und Jonathan brachten souver\u00e4n ihre ersten Einzel ins Ziel, sodass man eine beruhigende 3:1 F\u00fchrung erzielen konnte. W\u00e4hrend der Spitzenspieler aus M\u00fcnster auch Jonathan und Lilia bezwang, konnten Joel und Lilia durch Erfolge \u00fcber das hintere Paarkreuz die F\u00fchrung aufrechterhalten. Gegen die Nummer zwei aus M\u00fcnster zeigte Jonathan ein sehr gutes Spiel. Er hatte in den S\u00e4tzen sehr viel Pech gegen sich, sodass er knapp unterlag. Joel konnte diesen Spieler knapp nach 1:2 Satzr\u00fcckstand 3:2 bezwingen.<\/p>\n\n\n\n<p>Am Ende stand ein toller 6:4 Auftaktsieg zu Buche. Mit 9, 10 und 11 Jahren ist die Mannschaft das j\u00fcngste Team in der Spielklasse und spielt zum Teil gegen Spielerinnen und Spieler, die 18 Jahre sind. Es wird sicherlich noch der ein oder andere Punktgewinn im Verlauf der Saison folgen.<\/p>\n\n\n\n<p>Text und Bild: Benny<\/p>\n\n\n\n<figure class=\"wp-block-image size-large is-resized\"><img loading=\"lazy\" decoding=\"async\" src=\"https:\/\/www.ttc-darmstadt.de\/blog\/wp-content\/uploads\/Auftakt-nach-Mass-fuer-Lilia-Jonathan-und-Joel-644x483.jpg\" alt=\"\" class=\"wp-image-4890\" width=\"472\" height=\"354\" srcset=\"https:\/\/www.ttc-darmstadt.de\/blog\/wp-content\/uploads\/Auftakt-nach-Mass-fuer-Lilia-Jonathan-und-Joel-644x483.jpg 644w, https:\/\/www.ttc-darmstadt.de\/blog\/wp-content\/uploads\/Auftakt-nach-Mass-fuer-Lilia-Jonathan-und-Joel-300x225.jpg 300w, https:\/\/www.ttc-darmstadt.de\/blog\/wp-content\/uploads\/Auftakt-nach-Mass-fuer-Lilia-Jonathan-und-Joel-768x576.jpg 768w, https:\/\/www.ttc-darmstadt.de\/blog\/wp-content\/uploads\/Auftakt-nach-Mass-fuer-Lilia-Jonathan-und-Joel-1536x1152.jpg 1536w, https:\/\/www.ttc-darmstadt.de\/blog\/wp-content\/uploads\/Auftakt-nach-Mass-fuer-Lilia-Jonathan-und-Joel-2048x1536.jpg 2048w, https:\/\/www.ttc-darmstadt.de\/blog\/wp-content\/uploads\/Auftakt-nach-Mass-fuer-Lilia-Jonathan-und-Joel-135x100.jpg 135w\" sizes=\"auto, (max-width: 472px) 100vw, 472px\" \/><figcaption><em><br>Auftakt nach Ma\u00df f\u00fcr Lilia, Jonathan und Joel<\/em><\/figcaption><\/figure>\n","protected":false},"excerpt":{"rendered":"<p>Unser erstes Nachwuchsteam er\u00f6ffnete heute die Saison f\u00fcr den Verein. So ging es f\u00fcr Lilia, Jonathan und Joel relativ fr\u00fch zur DJK\/BW M\u00fcnster. Das Trio zeigte sich zu Spielbeginn hellwach. [&hellip;]<\/p>\n","protected":false},"author":123457,"featured_media":4890,"comment_status":"closed","ping_status":"closed","sticky":false,"template":"","format":"standard","meta":{"ngg_post_thumbnail":0,"footnotes":""},"categories":[1],"tags":[144,204,52],"class_list":["post-4889","post","type-post","status-publish","format-standard","has-post-thumbnail","hentry","category-verein","tag-darmstadt","tag-nachwuchs","tag-tischtennis"],"_links":{"self":[{"href":"https:\/\/www.ttc-darmstadt.de\/blog\/wp-json\/wp\/v2\/posts\/4889","targetHints":{"allow":["GET"]}}],"collection":[{"href":"https:\/\/www.ttc-darmstadt.de\/blog\/wp-json\/wp\/v2\/posts"}],"about":[{"href":"https:\/\/www.ttc-darmstadt.de\/blog\/wp-json\/wp\/v2\/types\/post"}],"author":[{"embeddable":true,"href":"https:\/\/www.ttc-darmstadt.de\/blog\/wp-json\/wp\/v2\/users\/123457"}],"replies":[{"embeddable":true,"href":"https:\/\/www.ttc-darmstadt.de\/blog\/wp-json\/wp\/v2\/comments?post=4889"}],"version-history":[{"count":2,"href":"https:\/\/www.ttc-darmstadt.de\/blog\/wp-json\/wp\/v2\/posts\/4889\/revisions"}],"predecessor-version":[{"id":4892,"href":"https:\/\/www.ttc-darmstadt.de\/blog\/wp-json\/wp\/v2\/posts\/4889\/revisions\/4892"}],"wp:featuredmedia":[{"embeddable":true,"href":"https:\/\/www.ttc-darmstadt.de\/blog\/wp-json\/wp\/v2\/media\/4890"}],"wp:attachment":[{"href":"https:\/\/www.ttc-darmstadt.de\/blog\/wp-json\/wp\/v2\/media?parent=4889"}],"wp:term":[{"taxonomy":"category","embeddable":true,"href":"https:\/\/www.ttc-darmstadt.de\/blog\/wp-json\/wp\/v2\/categories?post=4889"},{"taxonomy":"post_tag","embeddable":true,"href":"https:\/\/www.ttc-darmstadt.de\/blog\/wp-json\/wp\/v2\/tags?post=4889"}],"curies":[{"name":"wp","href":"https:\/\/api.w.org\/{rel}","templated":true}]}}