{"id":4859,"date":"2023-07-17T09:27:27","date_gmt":"2023-07-17T07:27:27","guid":{"rendered":"https:\/\/www.ttc-darmstadt.de\/blog\/?p=4859"},"modified":"2023-07-17T11:57:05","modified_gmt":"2023-07-17T09:57:05","slug":"lilia-jonathan-und-joel-bei-der-hessischen-rangliste-maedchen-jungen-13-aktiv","status":"publish","type":"post","link":"https:\/\/www.ttc-darmstadt.de\/blog\/lilia-jonathan-und-joel-bei-der-hessischen-rangliste-maedchen-jungen-13-aktiv\/","title":{"rendered":"Lilia, Jonathan und Joel bei der Hessischen Rangliste M\u00e4dchen\/Jungen 13 aktiv"},"content":{"rendered":"\n<p>Am Wochenende wurde in Wiesbaden die hessische Rangliste der M\u00e4dchen und Jungen 13 (Jahrgang 2011 und j\u00fcnger) ausgetragen.<\/p>\n\n\n\n<p>Den TTC vertraten Lilia, Jonathan und Joel.<\/p>\n\n\n\n<p>Samstags ging es zun\u00e4chst in f\u00fcnf Sechsergruppen um die Qualifikation f\u00fcr die Endrunde, f\u00fcr die sich die ersten beider jeder Gruppe qualifizierten. Lilia hatte eine sehr schwere Gruppe erwischt. Sie machte ihre Sache jedoch sehr gut und konnte drei Spiele f\u00fcr sich entscheiden. Gegen die Gruppensiegerin Aleena Khan vom TTC Langen erreichte sie sogar den f\u00fcnften Satz. Ein toller Erfolg f\u00fcr sie, schlie\u00dflich war es ihre erste Hessische Rangliste.<\/p>\n\n\n\n<p>Jonathan der k\u00f6rperlich etwas geschw\u00e4cht ins Turnier startete, hatte ebenfalls eine sehr starke Gruppe vor der Brust. Gegen den topgesetzten der Gruppe Jonathan Stoll zeige er beeindruckendes und gef\u00fchlvolles Offensivtischtennis mit pr\u00e4senter K\u00f6rpersprache, was ihm einen Viersatzerfolg bescherte. Nach einem weiteren Erfolg unterlag er knapp einem Spieler, gegen den er letzte Woche noch bezwingen konnte. Gegen den Gruppensieger hatte Jonathan keine Chance. Im letzten Vorrundenspiel sammelte Jonathan nochmal all seine Kr\u00e4fte und k\u00e4mpfe seinen Gegner in f\u00fcnf S\u00e4tzen nieder. Da innerhalb der Gruppe bis auf den Gruppenersten keiner eine wei\u00dfe Weste hatte, zog Jonathan absolut verdient mit einer 3:2 Bilanz als Gruppenzweiter in die Endrunde ein. Die beiden Spiele unterlag er sehr deutlich, da er durch seine Erk\u00e4ltung keine Kraft mehr in den Beinen hatte und die Temperatur in der Halle sicherlich auch kontraproduktiv wirkte. Daher stieg Jonathan auch folgerichtig aus dem Turnier aus. Wir w\u00fcnschen ihm gute Besserung.<\/p>\n\n\n\n<p>Joel erwischte eine f\u00fcr ihn sehr gute Gruppe. Die ersten beiden Spiele wurde er seiner Favoritenrolle gerecht, obwohl er einen Satz abgab. Im dritten Spiel war er nicht wie gewohnt zu 100% konzentriert und unterlag in vier S\u00e4tzen seinem Gegner. Im vierten Spiel traf Joel auf den sp\u00e4teren Gruppensieger und Gruppenfavorit. Nach sehenswerten B\u00e4llen mit der Vorhand konnte Joel eine 2:0 F\u00fchrung und eine 7:5 F\u00fchrung erzielen. Jedoch kam sein Gegner zur\u00fcck und Joel unterlag in f\u00fcnf S\u00e4tzen. Im letzten Spiel wurde er erneut eine Favoritenrolle gerecht. Da die Ergebnisse in der letzten Runde f\u00fcr Joel liefen, kam er trotz zwei Niederlagen als Zweiter aufgrund des besseren Satzverh\u00e4ltnisses in die Endrunde.<\/p>\n\n\n\n<p>In der Endrunde konnte Joel ein F\u00fcnfsatzkrimi f\u00fcr sich entscheiden, w\u00e4hrend er bei zwei anderen Duellen im Entscheidungssatz das Nachsehen hatte. So belegte er am Ende den neunten Platz. Mit etwas mehr Spielgl\u00fcck und Fokus w\u00e4re sicherlich auch Platz 6 im Bereich des M\u00f6glichen gewesen.<\/p>\n\n\n\n<p>Das Erreichen von Jonathan und Joel der Endrunde als j\u00fcngste Teilnehmer im Feld am zweiten Tag ist jedoch sicherlich als Erfolg zu werten. Erschwerend f\u00fcr unser Trio am ersten Tag und f\u00fcr Joel am zweiten Tag sicherlich die subtropischen Temperaturen, mit denen man in dem jungen Alter erst mal umgehen muss.<\/p>\n\n\n\n<p>Ein Dank an die Betreuer Markus, Max und Benny.<\/p>\n\n\n\n<figure class=\"wp-block-gallery columns-3 is-cropped wp-block-gallery-1 is-layout-flex wp-block-gallery-is-layout-flex\"><ul class=\"blocks-gallery-grid\"><li class=\"blocks-gallery-item\"><figure><img loading=\"lazy\" decoding=\"async\" width=\"644\" height=\"483\" src=\"https:\/\/www.ttc-darmstadt.de\/blog\/wp-content\/uploads\/Joel-in-einem-Vorrundenspiel-1-644x483.jpg\" alt=\"\" data-id=\"4864\" data-full-url=\"https:\/\/www.ttc-darmstadt.de\/blog\/wp-content\/uploads\/Joel-in-einem-Vorrundenspiel-1-scaled.jpg\" data-link=\"https:\/\/www.ttc-darmstadt.de\/blog\/?attachment_id=4864\" class=\"wp-image-4864\" srcset=\"https:\/\/www.ttc-darmstadt.de\/blog\/wp-content\/uploads\/Joel-in-einem-Vorrundenspiel-1-644x483.jpg 644w, https:\/\/www.ttc-darmstadt.de\/blog\/wp-content\/uploads\/Joel-in-einem-Vorrundenspiel-1-300x225.jpg 300w, https:\/\/www.ttc-darmstadt.de\/blog\/wp-content\/uploads\/Joel-in-einem-Vorrundenspiel-1-768x576.jpg 768w, https:\/\/www.ttc-darmstadt.de\/blog\/wp-content\/uploads\/Joel-in-einem-Vorrundenspiel-1-1536x1152.jpg 1536w, https:\/\/www.ttc-darmstadt.de\/blog\/wp-content\/uploads\/Joel-in-einem-Vorrundenspiel-1-2048x1536.jpg 2048w, https:\/\/www.ttc-darmstadt.de\/blog\/wp-content\/uploads\/Joel-in-einem-Vorrundenspiel-1-135x100.jpg 135w\" sizes=\"auto, (max-width: 644px) 100vw, 644px\" \/><figcaption class=\"blocks-gallery-item__caption\">Joel bei einem Vorrundenspiel<\/figcaption><\/figure><\/li><li class=\"blocks-gallery-item\"><figure><img loading=\"lazy\" decoding=\"async\" width=\"644\" height=\"483\" src=\"https:\/\/www.ttc-darmstadt.de\/blog\/wp-content\/uploads\/Jonathan-mit-offensiver-Spielfreude-1-644x483.jpg\" alt=\"\" data-id=\"4865\" data-full-url=\"https:\/\/www.ttc-darmstadt.de\/blog\/wp-content\/uploads\/Jonathan-mit-offensiver-Spielfreude-1-scaled.jpg\" data-link=\"https:\/\/www.ttc-darmstadt.de\/blog\/?attachment_id=4865\" class=\"wp-image-4865\" srcset=\"https:\/\/www.ttc-darmstadt.de\/blog\/wp-content\/uploads\/Jonathan-mit-offensiver-Spielfreude-1-644x483.jpg 644w, https:\/\/www.ttc-darmstadt.de\/blog\/wp-content\/uploads\/Jonathan-mit-offensiver-Spielfreude-1-300x225.jpg 300w, https:\/\/www.ttc-darmstadt.de\/blog\/wp-content\/uploads\/Jonathan-mit-offensiver-Spielfreude-1-768x576.jpg 768w, https:\/\/www.ttc-darmstadt.de\/blog\/wp-content\/uploads\/Jonathan-mit-offensiver-Spielfreude-1-1536x1152.jpg 1536w, https:\/\/www.ttc-darmstadt.de\/blog\/wp-content\/uploads\/Jonathan-mit-offensiver-Spielfreude-1-2048x1536.jpg 2048w, https:\/\/www.ttc-darmstadt.de\/blog\/wp-content\/uploads\/Jonathan-mit-offensiver-Spielfreude-1-135x100.jpg 135w\" sizes=\"auto, (max-width: 644px) 100vw, 644px\" \/><figcaption class=\"blocks-gallery-item__caption\">Jonathan mit offensiver Spielfreude<\/figcaption><\/figure><\/li><li class=\"blocks-gallery-item\"><figure><img loading=\"lazy\" decoding=\"async\" width=\"644\" height=\"483\" src=\"https:\/\/www.ttc-darmstadt.de\/blog\/wp-content\/uploads\/Lilia-bei-ihrer-erster-Hessischer-Rangliste-1-644x483.jpg\" alt=\"\" data-id=\"4866\" data-full-url=\"https:\/\/www.ttc-darmstadt.de\/blog\/wp-content\/uploads\/Lilia-bei-ihrer-erster-Hessischer-Rangliste-1.jpg\" data-link=\"https:\/\/www.ttc-darmstadt.de\/blog\/?attachment_id=4866\" class=\"wp-image-4866\" srcset=\"https:\/\/www.ttc-darmstadt.de\/blog\/wp-content\/uploads\/Lilia-bei-ihrer-erster-Hessischer-Rangliste-1-644x483.jpg 644w, https:\/\/www.ttc-darmstadt.de\/blog\/wp-content\/uploads\/Lilia-bei-ihrer-erster-Hessischer-Rangliste-1-300x225.jpg 300w, https:\/\/www.ttc-darmstadt.de\/blog\/wp-content\/uploads\/Lilia-bei-ihrer-erster-Hessischer-Rangliste-1-768x576.jpg 768w, https:\/\/www.ttc-darmstadt.de\/blog\/wp-content\/uploads\/Lilia-bei-ihrer-erster-Hessischer-Rangliste-1-1536x1152.jpg 1536w, https:\/\/www.ttc-darmstadt.de\/blog\/wp-content\/uploads\/Lilia-bei-ihrer-erster-Hessischer-Rangliste-1-135x100.jpg 135w, https:\/\/www.ttc-darmstadt.de\/blog\/wp-content\/uploads\/Lilia-bei-ihrer-erster-Hessischer-Rangliste-1.jpg 1600w\" sizes=\"auto, (max-width: 644px) 100vw, 644px\" \/><figcaption class=\"blocks-gallery-item__caption\">Lilia bei ihrer ersten hessischen Rangliste<\/figcaption><\/figure><\/li><\/ul><\/figure>\n","protected":false},"excerpt":{"rendered":"<p>Am Wochenende wurde in Wiesbaden die hessische Rangliste der M\u00e4dchen und Jungen 13 (Jahrgang 2011 und j\u00fcnger) ausgetragen. Den TTC vertraten Lilia, Jonathan und Joel. Samstags ging es zun\u00e4chst in [&hellip;]<\/p>\n","protected":false},"author":123457,"featured_media":4865,"comment_status":"closed","ping_status":"closed","sticky":false,"template":"","format":"standard","meta":{"ngg_post_thumbnail":0,"footnotes":""},"categories":[3,1],"tags":[144,14,204,52],"class_list":["post-4859","post","type-post","status-publish","format-standard","has-post-thumbnail","hentry","category-nachwuchs","category-verein","tag-darmstadt","tag-jugend","tag-nachwuchs","tag-tischtennis"],"_links":{"self":[{"href":"https:\/\/www.ttc-darmstadt.de\/blog\/wp-json\/wp\/v2\/posts\/4859","targetHints":{"allow":["GET"]}}],"collection":[{"href":"https:\/\/www.ttc-darmstadt.de\/blog\/wp-json\/wp\/v2\/posts"}],"about":[{"href":"https:\/\/www.ttc-darmstadt.de\/blog\/wp-json\/wp\/v2\/types\/post"}],"author":[{"embeddable":true,"href":"https:\/\/www.ttc-darmstadt.de\/blog\/wp-json\/wp\/v2\/users\/123457"}],"replies":[{"embeddable":true,"href":"https:\/\/www.ttc-darmstadt.de\/blog\/wp-json\/wp\/v2\/comments?post=4859"}],"version-history":[{"count":5,"href":"https:\/\/www.ttc-darmstadt.de\/blog\/wp-json\/wp\/v2\/posts\/4859\/revisions"}],"predecessor-version":[{"id":4871,"href":"https:\/\/www.ttc-darmstadt.de\/blog\/wp-json\/wp\/v2\/posts\/4859\/revisions\/4871"}],"wp:featuredmedia":[{"embeddable":true,"href":"https:\/\/www.ttc-darmstadt.de\/blog\/wp-json\/wp\/v2\/media\/4865"}],"wp:attachment":[{"href":"https:\/\/www.ttc-darmstadt.de\/blog\/wp-json\/wp\/v2\/media?parent=4859"}],"wp:term":[{"taxonomy":"category","embeddable":true,"href":"https:\/\/www.ttc-darmstadt.de\/blog\/wp-json\/wp\/v2\/categories?post=4859"},{"taxonomy":"post_tag","embeddable":true,"href":"https:\/\/www.ttc-darmstadt.de\/blog\/wp-json\/wp\/v2\/tags?post=4859"}],"curies":[{"name":"wp","href":"https:\/\/api.w.org\/{rel}","templated":true}]}}