{"id":4830,"date":"2023-06-07T16:32:32","date_gmt":"2023-06-07T14:32:32","guid":{"rendered":"https:\/\/www.ttc-darmstadt.de\/?p=4830"},"modified":"2023-06-07T16:32:33","modified_gmt":"2023-06-07T14:32:33","slug":"sommerfest-nacht-der-legenden","status":"publish","type":"post","link":"https:\/\/www.ttc-darmstadt.de\/blog\/sommerfest-nacht-der-legenden\/","title":{"rendered":"Sommerfest \/ Nacht der Legenden"},"content":{"rendered":"\n<p>Hallo zusammen,<\/p>\n\n\n\n<p>wir laden herzlich zu unserem Sommerfest am <\/p>\n\n\n\n<p><strong>Samstag, 08. Juli 2023 ab 15.00 Uhr<\/strong><\/p>\n\n\n\n<p>ein.<\/p>\n\n\n\n<p><br>Gleichzeitig zum Sommerfest findet<\/p>\n\n\n\n<p><strong>DIE 3. NACHT DER LEGENDEN<\/strong><\/p>\n\n\n\n<p>bzw. in diesem Jahr ist es eigentlich der Tag der Legenden statt. TTC\u2019ler\/innen der fr\u00fcheren und jetzigen Jahre treffen sich zum Plaudern, Grillen und Tischtennisspielen.<\/p>\n\n\n\n<p>Die bereits 2017 und 2019 durchgef\u00fchrten \u201eN\u00e4chte der Legenden\u201c brachten allen Teilnehmern so viel Spa\u00df, dass wir jetzt alle, die Lust und Zeit haben, Erinnerungen an die gute alte Zeit auszutauschen, zum dritten Mal einladen.<\/p>\n\n\n\n<p>Nat\u00fcrlich sind auch die (Ehe-)Partner herzlich eingeladen. Zwischen Reden und in Erinnerungen schwelgen wollen wir ein kleines Schleifchenturnier austragen; schlie\u00dflich sind wir ja ein Tischtennisverein.<\/p>\n\n\n\n<p>Das Ganze findet nat\u00fcrlich rund um das Clubheim des 1. TTC und in der Turnhalle der Friedrich-Ebert-Schule im Heimst\u00e4ttenweg 99c statt.<br>Wir freuen uns, wenn wir euch begr\u00fc\u00dfen k\u00f6nnen. Sagt uns bitte bald Bescheid, ob ihr beim Schleifchenturnier dabei seid: kontakt[at]ttc-darmstadt.de oder telefonisch bei Brigitte oder Wolfgang<br><br>Gute Laune m\u00fcsst ihr selbst mitbringen, f\u00fcr den Rest sorgen wir.<\/p>\n\n\n\n<p>Wir erwarten und freuen uns auf euch. Bis dahin gr\u00fc\u00dft Euch<\/p>\n\n\n\n<p>der Vergn\u00fcgungsausschuss des 1. TTC<\/p>\n","protected":false},"excerpt":{"rendered":"<p>Hallo zusammen, wir laden herzlich zu unserem Sommerfest am Samstag, 08. Juli 2023 ab 15.00 Uhr ein. Gleichzeitig zum Sommerfest findet DIE 3. NACHT DER LEGENDEN bzw. in diesem Jahr [&hellip;]<\/p>\n","protected":false},"author":123457,"featured_media":4681,"comment_status":"closed","ping_status":"closed","sticky":false,"template":"","format":"standard","meta":{"ngg_post_thumbnail":0,"footnotes":""},"categories":[6],"tags":[144,52,264],"class_list":["post-4830","post","type-post","status-publish","format-standard","has-post-thumbnail","hentry","category-termin","tag-darmstadt","tag-tischtennis","tag-veranstaltung"],"_links":{"self":[{"href":"https:\/\/www.ttc-darmstadt.de\/blog\/wp-json\/wp\/v2\/posts\/4830","targetHints":{"allow":["GET"]}}],"collection":[{"href":"https:\/\/www.ttc-darmstadt.de\/blog\/wp-json\/wp\/v2\/posts"}],"about":[{"href":"https:\/\/www.ttc-darmstadt.de\/blog\/wp-json\/wp\/v2\/types\/post"}],"author":[{"embeddable":true,"href":"https:\/\/www.ttc-darmstadt.de\/blog\/wp-json\/wp\/v2\/users\/123457"}],"replies":[{"embeddable":true,"href":"https:\/\/www.ttc-darmstadt.de\/blog\/wp-json\/wp\/v2\/comments?post=4830"}],"version-history":[{"count":1,"href":"https:\/\/www.ttc-darmstadt.de\/blog\/wp-json\/wp\/v2\/posts\/4830\/revisions"}],"predecessor-version":[{"id":4831,"href":"https:\/\/www.ttc-darmstadt.de\/blog\/wp-json\/wp\/v2\/posts\/4830\/revisions\/4831"}],"wp:featuredmedia":[{"embeddable":true,"href":"https:\/\/www.ttc-darmstadt.de\/blog\/wp-json\/wp\/v2\/media\/4681"}],"wp:attachment":[{"href":"https:\/\/www.ttc-darmstadt.de\/blog\/wp-json\/wp\/v2\/media?parent=4830"}],"wp:term":[{"taxonomy":"category","embeddable":true,"href":"https:\/\/www.ttc-darmstadt.de\/blog\/wp-json\/wp\/v2\/categories?post=4830"},{"taxonomy":"post_tag","embeddable":true,"href":"https:\/\/www.ttc-darmstadt.de\/blog\/wp-json\/wp\/v2\/tags?post=4830"}],"curies":[{"name":"wp","href":"https:\/\/api.w.org\/{rel}","templated":true}]}}