{"id":474,"date":"2009-09-14T22:23:04","date_gmt":"2009-09-14T20:23:04","guid":{"rendered":"http:\/\/www.ttc-darmstadt.de\/?p=474"},"modified":"2009-09-14T22:23:04","modified_gmt":"2009-09-14T20:23:04","slug":"kerbeumzug-06-09-09","status":"publish","type":"post","link":"https:\/\/www.ttc-darmstadt.de\/blog\/kerbeumzug-06-09-09\/","title":{"rendered":"Kerbeumzug 06.09.09"},"content":{"rendered":"<p>Auch dieses Jahr ging der 1.TTC Darmstadt wieder mit einer Wagenladung Kinder an den Start vom Kerbeumzug der Heimst\u00e4ttenkerb.<br \/>\nDank dem immer wiederkehrenden Einsatz von Hubert H\u00fctte und Wolfram Sch\u00e4fer, war es uns verg\u00f6nnt, schon um zehn Uhr morgens mehr oder weniger wach den Kerbewagen zu schm\u00fccken. Nachdem alle Schilder angebracht waren, Girlanden aufgeh\u00e4ngt waren und der LKW zu einem Wald getarnt war, ging es ans Luftballonaufblasen. Hier stellte sich heraus, dass das Zuknoten eines Ballons dringend einen Platz im Jugendtraining finden sollte :-).<br \/>\nNach zwei Stunden war der LKW nicht mehr als LKW zu erkennen und man konnte noch mal schnell heim, sein verschwitztes Shirt wechseln, ehe man sich wieder zur Aufstellung traf. Nach l\u00e4ngerem Warten und noch letzten Ausbesserungen, ein blauer Smartie-Hase musste noch erh\u00e4ngt werden, ging der Umzug endlich um 14:30 Uhr los. Nun hie\u00df es bis halb f\u00fcnf Bonbons und Popcorn werfen, l\u00e4cheln, winken, Kuchen ergattern, T\u00fcten auff\u00fcllen, dauerhupende Verfolger ertragen und immer wieder den &#8222;Wir feiern die ganze Nacht&#8220;- singenden Vorg\u00e4nger erdulden. dennoch hatten wir einen riesen Spa\u00df auf dem Wagen und k\u00f6nnen stolz sagen, dass die Jugend mit 16 Kindern und 4 Betreuern den Verein and er Heimst\u00e4ttenkerb repr\u00e4sentierte. Wir freuen uns schon jetzt darauf, auch n\u00e4chstes Jahr den Wagen schon um zehn Uhr schm\u00fccken zu d\u00fcrfen \ud83d\ude42<br \/>\nWer weitere Impressionen sammeln m\u00f6chte findet uns im Darmst\u00e4dter Echo  am 08.09.09 erw\u00e4hnt und in den Bessunger Nachrichten ist am 11.09.09 ein Foto unserer Jugend auf dem Wagen zu sehen.<\/p>\n<p>Eva- Lotte Schmidt<\/p>\n","protected":false},"excerpt":{"rendered":"<p>Auch dieses Jahr ging der 1.TTC Darmstadt wieder mit einer Wagenladung Kinder an den Start vom Kerbeumzug der Heimst\u00e4ttenkerb. Dank dem immer wiederkehrenden Einsatz von Hubert H\u00fctte und Wolfram Sch\u00e4fer, [&hellip;]<\/p>\n","protected":false},"author":2,"featured_media":0,"comment_status":"open","ping_status":"closed","sticky":false,"template":"","format":"standard","meta":{"ngg_post_thumbnail":0,"footnotes":""},"categories":[3,6,1],"tags":[25],"class_list":["post-474","post","type-post","status-publish","format-standard","hentry","category-nachwuchs","category-termin","category-verein","tag-kerb"],"_links":{"self":[{"href":"https:\/\/www.ttc-darmstadt.de\/blog\/wp-json\/wp\/v2\/posts\/474","targetHints":{"allow":["GET"]}}],"collection":[{"href":"https:\/\/www.ttc-darmstadt.de\/blog\/wp-json\/wp\/v2\/posts"}],"about":[{"href":"https:\/\/www.ttc-darmstadt.de\/blog\/wp-json\/wp\/v2\/types\/post"}],"author":[{"embeddable":true,"href":"https:\/\/www.ttc-darmstadt.de\/blog\/wp-json\/wp\/v2\/users\/2"}],"replies":[{"embeddable":true,"href":"https:\/\/www.ttc-darmstadt.de\/blog\/wp-json\/wp\/v2\/comments?post=474"}],"version-history":[{"count":2,"href":"https:\/\/www.ttc-darmstadt.de\/blog\/wp-json\/wp\/v2\/posts\/474\/revisions"}],"predecessor-version":[{"id":476,"href":"https:\/\/www.ttc-darmstadt.de\/blog\/wp-json\/wp\/v2\/posts\/474\/revisions\/476"}],"wp:attachment":[{"href":"https:\/\/www.ttc-darmstadt.de\/blog\/wp-json\/wp\/v2\/media?parent=474"}],"wp:term":[{"taxonomy":"category","embeddable":true,"href":"https:\/\/www.ttc-darmstadt.de\/blog\/wp-json\/wp\/v2\/categories?post=474"},{"taxonomy":"post_tag","embeddable":true,"href":"https:\/\/www.ttc-darmstadt.de\/blog\/wp-json\/wp\/v2\/tags?post=474"}],"curies":[{"name":"wp","href":"https:\/\/api.w.org\/{rel}","templated":true}]}}