{"id":4698,"date":"2022-04-06T19:55:21","date_gmt":"2022-04-06T17:55:21","guid":{"rendered":"https:\/\/www.ttc-darmstadt.de\/?p=4698"},"modified":"2022-04-06T20:08:58","modified_gmt":"2022-04-06T18:08:58","slug":"1-mai-fruehschoppen-im-irischen-ambiente","status":"publish","type":"post","link":"https:\/\/www.ttc-darmstadt.de\/blog\/1-mai-fruehschoppen-im-irischen-ambiente\/","title":{"rendered":"1. Mai-Fr\u00fchschoppen im irischen Ambiente"},"content":{"rendered":"\r\n<p>Hallo liebe TTC&#8217;ler und G\u00e4ste,<\/p>\r\n\r\n\r\n\r\n<p>auch wenn die Au\u00dfentemperaturen noch recht k\u00fchl sind, so ist doch das erste Vierteljahr des Jahres 2022 schon um und es wird Zeit, die ersten Aktivi\u00e4ten beim TTC zu starten.<\/p>\r\n\r\n\r\n\r\n<p>Beginnen wollen wir mit einem 1. Mai Fr\u00fchschoppen mit irischem Ambiente. Gleichzeitig wollen wir zu diesem Anlass die Grillsaison er\u00f6ffnen.<\/p>\r\n\r\n\r\n\r\n<p>F\u00fcr den Hunger bieten wir Steaks und W\u00fcrstchen vom Grill. Weiter geht es mit Kaffee und Kuchen und f\u00fcr den Durst gibt es Pils, Guinness und Kilkenny vom Fass sowie diverse andere alkoholische und alkoholfreie Getr\u00e4nke.<\/p>\r\n\r\n\r\n\r\n<p>Los geht es ab 11:00 Uhr.<\/p>\r\n\r\n\r\n\r\n<p>Was fehlt jetzt noch f\u00fcr einen gelungenen Auftakt? Nat\u00fcrlich! Ihr, die Besucher!<\/p>\r\n\r\n\r\n\r\n<p>Der Vorstand und Vergn\u00fcgungsausschuss des 1. TTC l\u00e4dt ein zum<\/p>\r\n\r\n\r\n\r\n<p>&nbsp;&nbsp;&nbsp;&nbsp;&nbsp;&nbsp;&nbsp;&nbsp;&nbsp;&nbsp;&nbsp;&nbsp;&nbsp;&nbsp;&nbsp;&nbsp;&nbsp;&nbsp;&nbsp;&nbsp;&nbsp;&nbsp;&nbsp;&nbsp;&nbsp;&nbsp;&nbsp;&nbsp;&nbsp;&nbsp;&nbsp;&nbsp;1. Mai Fr\u00fchschoppen ab 11.00 Uhr<\/p>\r\n\r\n\r\n\r\n<p>Wir freuen uns auf euren Besuch.<\/p>\r\n\r\n\r\n\r\n<p>Wie immer sind wir nat\u00fcrlich auch auf die Hilfe unserer Mitglieder angewiesen. Wenn ihr Lust habt uns zu unterst\u00fctzen, tragt euch in den Einsatzplan im Clubheim ein oder meldet euch bei Brigitte. Selbstverst\u00e4ndlich sind wir auch \u00fcber eine Kuchenspende sehr froh.<\/p>\r\n\r\n\r\n\r\n<p>Wir freuen uns, von euch zu h\u00f6ren<\/p>\r\n\r\n\r\n\r\n<p>Euer Vergn\u00fcgungsausschuss<\/p>\r\n\r\n\r\n\r\n<figure class=\"wp-block-image size-full\"><img loading=\"lazy\" decoding=\"async\" width=\"606\" height=\"878\" src=\"https:\/\/www.ttc-darmstadt.de\/blog\/wp-content\/uploads\/maifruehschoppen.png\" alt=\"\" class=\"wp-image-4699\" srcset=\"https:\/\/www.ttc-darmstadt.de\/blog\/wp-content\/uploads\/maifruehschoppen.png 606w, https:\/\/www.ttc-darmstadt.de\/blog\/wp-content\/uploads\/maifruehschoppen-207x300.png 207w\" sizes=\"auto, (max-width: 606px) 100vw, 606px\" \/><\/figure>\r\n","protected":false},"excerpt":{"rendered":"<p>Hallo liebe TTC&#8217;ler und G\u00e4ste, auch wenn die Au\u00dfentemperaturen noch recht k\u00fchl sind, so ist doch das erste Vierteljahr des Jahres 2022 schon um und es wird Zeit, die ersten [&hellip;]<\/p>\n","protected":false},"author":11,"featured_media":4699,"comment_status":"closed","ping_status":"closed","sticky":false,"template":"","format":"standard","meta":{"ngg_post_thumbnail":0,"footnotes":""},"categories":[4,6,1],"tags":[],"class_list":["post-4698","post","type-post","status-publish","format-standard","has-post-thumbnail","hentry","category-clubheim","category-termin","category-verein"],"_links":{"self":[{"href":"https:\/\/www.ttc-darmstadt.de\/blog\/wp-json\/wp\/v2\/posts\/4698","targetHints":{"allow":["GET"]}}],"collection":[{"href":"https:\/\/www.ttc-darmstadt.de\/blog\/wp-json\/wp\/v2\/posts"}],"about":[{"href":"https:\/\/www.ttc-darmstadt.de\/blog\/wp-json\/wp\/v2\/types\/post"}],"author":[{"embeddable":true,"href":"https:\/\/www.ttc-darmstadt.de\/blog\/wp-json\/wp\/v2\/users\/11"}],"replies":[{"embeddable":true,"href":"https:\/\/www.ttc-darmstadt.de\/blog\/wp-json\/wp\/v2\/comments?post=4698"}],"version-history":[{"count":2,"href":"https:\/\/www.ttc-darmstadt.de\/blog\/wp-json\/wp\/v2\/posts\/4698\/revisions"}],"predecessor-version":[{"id":4701,"href":"https:\/\/www.ttc-darmstadt.de\/blog\/wp-json\/wp\/v2\/posts\/4698\/revisions\/4701"}],"wp:featuredmedia":[{"embeddable":true,"href":"https:\/\/www.ttc-darmstadt.de\/blog\/wp-json\/wp\/v2\/media\/4699"}],"wp:attachment":[{"href":"https:\/\/www.ttc-darmstadt.de\/blog\/wp-json\/wp\/v2\/media?parent=4698"}],"wp:term":[{"taxonomy":"category","embeddable":true,"href":"https:\/\/www.ttc-darmstadt.de\/blog\/wp-json\/wp\/v2\/categories?post=4698"},{"taxonomy":"post_tag","embeddable":true,"href":"https:\/\/www.ttc-darmstadt.de\/blog\/wp-json\/wp\/v2\/tags?post=4698"}],"curies":[{"name":"wp","href":"https:\/\/api.w.org\/{rel}","templated":true}]}}