{"id":4379,"date":"2019-08-25T13:14:41","date_gmt":"2019-08-25T11:14:41","guid":{"rendered":"http:\/\/www.ttc-darmstadt.de\/?p=4379"},"modified":"2019-08-25T13:14:43","modified_gmt":"2019-08-25T11:14:43","slug":"ttc-radtour","status":"publish","type":"post","link":"https:\/\/www.ttc-darmstadt.de\/blog\/ttc-radtour\/","title":{"rendered":"TTC Radtour"},"content":{"rendered":"\n<p>Nachdem die geplante Radtour im Mai buchst\u00e4blich ins Wasser gefallen ist, starteten wir am 3. August den zweiten Versuch. Am fr\u00fchen Morgen regnete es wieder. Aber kurz vor der vereinbarten Uhrzeit hat es aufgeh\u00f6rt und so fanden sich auch immerhin insgesamt 11 RadlerInnen zum Start am Clubheim ein. Vor der Abfahrt liefen noch die letzten Vorbereitungen. So hatte Brigitte pl\u00f6tzlich keine Luft mehr in dem Reifen und Thomas K. erledigte noch letzte Reinigungsarbeiten am Rad. \u00dcber Eberstadt ging es dann auf sch\u00f6nen Waldwegen nach Seeheim. Ab hier war dann auch die Sonne ein st\u00e4ndiger Begleiter und es wurde doch ein sch\u00f6ner Tag. <\/p>\n\n\n\n<figure class=\"wp-block-image\"><img loading=\"lazy\" decoding=\"async\" width=\"644\" height=\"362\" src=\"http:\/\/www.ttc-darmstadt.de\/wp-content\/uploads\/Radtour_Auschnitt-644x362.jpg\" alt=\"\" class=\"wp-image-4381\" srcset=\"https:\/\/www.ttc-darmstadt.de\/blog\/wp-content\/uploads\/Radtour_Auschnitt-644x362.jpg 644w, https:\/\/www.ttc-darmstadt.de\/blog\/wp-content\/uploads\/Radtour_Auschnitt-300x169.jpg 300w, https:\/\/www.ttc-darmstadt.de\/blog\/wp-content\/uploads\/Radtour_Auschnitt-768x432.jpg 768w, https:\/\/www.ttc-darmstadt.de\/blog\/wp-content\/uploads\/Radtour_Auschnitt.jpg 800w\" sizes=\"auto, (max-width: 644px) 100vw, 644px\" \/><\/figure>\n\n\n\n<p>Wir haben auch ein angenehmes Tempo gefunden, bei dem jeder mit radeln konnte. Wolfgang hatte die gr\u00f6\u00dfte Herausforderung, den an seinem Rad war die Schaltung kaputt und er musste die ganze Strecke im 4. Gang fahren. Zur zwischenzeitlichen St\u00e4rkung machten wir in Zwingenberg die erste Einkehr. \u00dcber Sandwiese fuhren wir dann \u00fcber Wiesen und Felder zum Erlensee. An dem sch\u00f6nen See lockte der Biergarten und ein Anglerfest zu einem weiteren Stop. Die letzte Etappe ging dann \u00fcber Pfungstadt wieder zur\u00fcck nach Darmstadt. Hier haben wir es bei Rot-Wei\u00df ausklingen lassen. Es war eine gelungene Radtour, bei der alles ihren Spa\u00df hatten. Frank Rein. Frank Rein<\/p>\n\n\n\n<figure class=\"wp-block-image\"><img loading=\"lazy\" decoding=\"async\" width=\"644\" height=\"362\" src=\"http:\/\/www.ttc-darmstadt.de\/wp-content\/uploads\/Radtour_Auschnitt2-644x362.jpg\" alt=\"\" class=\"wp-image-4382\" srcset=\"https:\/\/www.ttc-darmstadt.de\/blog\/wp-content\/uploads\/Radtour_Auschnitt2-644x362.jpg 644w, https:\/\/www.ttc-darmstadt.de\/blog\/wp-content\/uploads\/Radtour_Auschnitt2-300x169.jpg 300w, https:\/\/www.ttc-darmstadt.de\/blog\/wp-content\/uploads\/Radtour_Auschnitt2-768x432.jpg 768w, https:\/\/www.ttc-darmstadt.de\/blog\/wp-content\/uploads\/Radtour_Auschnitt2.jpg 800w\" sizes=\"auto, (max-width: 644px) 100vw, 644px\" \/><\/figure>\n","protected":false},"excerpt":{"rendered":"<p>Nachdem die geplante Radtour im Mai buchst\u00e4blich ins Wasser gefallen ist, starteten wir am 3. August den zweiten Versuch. Am fr\u00fchen Morgen regnete es wieder. Aber kurz vor der vereinbarten [&hellip;]<\/p>\n","protected":false},"author":2,"featured_media":4380,"comment_status":"closed","ping_status":"closed","sticky":false,"template":"","format":"standard","meta":{"ngg_post_thumbnail":0,"footnotes":""},"categories":[1],"tags":[],"class_list":["post-4379","post","type-post","status-publish","format-standard","has-post-thumbnail","hentry","category-verein"],"_links":{"self":[{"href":"https:\/\/www.ttc-darmstadt.de\/blog\/wp-json\/wp\/v2\/posts\/4379","targetHints":{"allow":["GET"]}}],"collection":[{"href":"https:\/\/www.ttc-darmstadt.de\/blog\/wp-json\/wp\/v2\/posts"}],"about":[{"href":"https:\/\/www.ttc-darmstadt.de\/blog\/wp-json\/wp\/v2\/types\/post"}],"author":[{"embeddable":true,"href":"https:\/\/www.ttc-darmstadt.de\/blog\/wp-json\/wp\/v2\/users\/2"}],"replies":[{"embeddable":true,"href":"https:\/\/www.ttc-darmstadt.de\/blog\/wp-json\/wp\/v2\/comments?post=4379"}],"version-history":[{"count":1,"href":"https:\/\/www.ttc-darmstadt.de\/blog\/wp-json\/wp\/v2\/posts\/4379\/revisions"}],"predecessor-version":[{"id":4383,"href":"https:\/\/www.ttc-darmstadt.de\/blog\/wp-json\/wp\/v2\/posts\/4379\/revisions\/4383"}],"wp:featuredmedia":[{"embeddable":true,"href":"https:\/\/www.ttc-darmstadt.de\/blog\/wp-json\/wp\/v2\/media\/4380"}],"wp:attachment":[{"href":"https:\/\/www.ttc-darmstadt.de\/blog\/wp-json\/wp\/v2\/media?parent=4379"}],"wp:term":[{"taxonomy":"category","embeddable":true,"href":"https:\/\/www.ttc-darmstadt.de\/blog\/wp-json\/wp\/v2\/categories?post=4379"},{"taxonomy":"post_tag","embeddable":true,"href":"https:\/\/www.ttc-darmstadt.de\/blog\/wp-json\/wp\/v2\/tags?post=4379"}],"curies":[{"name":"wp","href":"https:\/\/api.w.org\/{rel}","templated":true}]}}