{"id":4291,"date":"2019-06-28T16:41:04","date_gmt":"2019-06-28T14:41:04","guid":{"rendered":"http:\/\/www.ttc-darmstadt.de\/?p=4291"},"modified":"2019-06-28T16:41:05","modified_gmt":"2019-06-28T14:41:05","slug":"sommerfest","status":"publish","type":"post","link":"https:\/\/www.ttc-darmstadt.de\/blog\/sommerfest\/","title":{"rendered":"Sommerfest"},"content":{"rendered":"\n<p>Am 15.06.2019 veranstaltete der 1. TTC Darmstadt sein Sommerfest bei strahlendem Sonnenschein. Nach einem etwas z\u00f6gerlichen Start am Nachmittag, f\u00fcllte sich unser Biergarten gegen Abend.<\/p>\n\n\n\n<p>Unser Musiker Tom, der f\u00fcr jeden Geschmack etwas auf Lager hatte, sorgte\ndann auch noch f\u00fcr gute Stimmung<\/p>\n\n\n\n<p>Zu fortgeschrittener Stunde konnten dann auch unsere G\u00e4ste bei einer kleinen Karaoke-Vorstellung ihr K\u00f6nnen zeigen.<\/p>\n\n\n\n<p>Das es alles in allem ein sch\u00f6ner Tag f\u00fcr alle war, zeigt, dass die letzten G\u00e4ste erst weit nach Mitternacht ihren Heimweg antraten.<\/p>\n\n\n\n<p>BS<\/p>\n","protected":false},"excerpt":{"rendered":"<p>Am 15.06.2019 veranstaltete der 1. TTC Darmstadt sein Sommerfest bei strahlendem Sonnenschein. Nach einem etwas z\u00f6gerlichen Start am Nachmittag, f\u00fcllte sich unser Biergarten gegen Abend. Unser Musiker Tom, der f\u00fcr [&hellip;]<\/p>\n","protected":false},"author":2,"featured_media":4292,"comment_status":"closed","ping_status":"closed","sticky":false,"template":"","format":"standard","meta":{"ngg_post_thumbnail":0,"footnotes":""},"categories":[4,6,1],"tags":[252,228],"class_list":["post-4291","post","type-post","status-publish","format-standard","has-post-thumbnail","hentry","category-clubheim","category-termin","category-verein","tag-252","tag-sommerfest"],"_links":{"self":[{"href":"https:\/\/www.ttc-darmstadt.de\/blog\/wp-json\/wp\/v2\/posts\/4291","targetHints":{"allow":["GET"]}}],"collection":[{"href":"https:\/\/www.ttc-darmstadt.de\/blog\/wp-json\/wp\/v2\/posts"}],"about":[{"href":"https:\/\/www.ttc-darmstadt.de\/blog\/wp-json\/wp\/v2\/types\/post"}],"author":[{"embeddable":true,"href":"https:\/\/www.ttc-darmstadt.de\/blog\/wp-json\/wp\/v2\/users\/2"}],"replies":[{"embeddable":true,"href":"https:\/\/www.ttc-darmstadt.de\/blog\/wp-json\/wp\/v2\/comments?post=4291"}],"version-history":[{"count":1,"href":"https:\/\/www.ttc-darmstadt.de\/blog\/wp-json\/wp\/v2\/posts\/4291\/revisions"}],"predecessor-version":[{"id":4293,"href":"https:\/\/www.ttc-darmstadt.de\/blog\/wp-json\/wp\/v2\/posts\/4291\/revisions\/4293"}],"wp:featuredmedia":[{"embeddable":true,"href":"https:\/\/www.ttc-darmstadt.de\/blog\/wp-json\/wp\/v2\/media\/4292"}],"wp:attachment":[{"href":"https:\/\/www.ttc-darmstadt.de\/blog\/wp-json\/wp\/v2\/media?parent=4291"}],"wp:term":[{"taxonomy":"category","embeddable":true,"href":"https:\/\/www.ttc-darmstadt.de\/blog\/wp-json\/wp\/v2\/categories?post=4291"},{"taxonomy":"post_tag","embeddable":true,"href":"https:\/\/www.ttc-darmstadt.de\/blog\/wp-json\/wp\/v2\/tags?post=4291"}],"curies":[{"name":"wp","href":"https:\/\/api.w.org\/{rel}","templated":true}]}}