{"id":4237,"date":"2019-01-10T17:28:01","date_gmt":"2019-01-10T15:28:01","guid":{"rendered":"http:\/\/www.ttc-darmstadt.de\/?p=4237"},"modified":"2019-01-10T17:28:04","modified_gmt":"2019-01-10T15:28:04","slug":"rueckblick-auf-unsere-veranstaltungen-im-zweiten-halbjahr-2018","status":"publish","type":"post","link":"https:\/\/www.ttc-darmstadt.de\/blog\/rueckblick-auf-unsere-veranstaltungen-im-zweiten-halbjahr-2018\/","title":{"rendered":"R\u00fcckblick auf unsere Veranstaltungen im zweiten Halbjahr 2018"},"content":{"rendered":"\n<p>Das zweite Halbjahr begann mit der Siedlerkerb. F\u00fcr die Standbetreiber beginnt die Kerb bereits Mittwochs vor dem offiziellen Start mit dem H\u00fcttenaufbau. So langsam haben wir Routine mit dem Auf- und Abbau, so dass die H\u00fctte ziemlich z\u00fcgig stand.\nDonnerstags ging es dann an den Kartoffelsalat. Dank der flei\u00dfigen Kartoffelsch\u00e4ler und \u201eSchnippler\u201c, die wie es aussieht, sich das ganze Jahr auf diese Arbeit freuen, macht es auch irgendwie Spa\u00df 70 kg Kartoffel zu Salat zu verarbeiten.\n\nJetzt konnte es losgehen. Dank des sch\u00f6nen und langen Sommers konnten wir in 2018 auch wieder ein gutes Ergebnis erzielen.  70 kg Kartoffelsalat waren bereits am fr\u00fchen Montagnachmittag ausverkauft. Und auch Schnitzeln und dem Fleischk\u00e4se war auch nicht mehr sehr viel \u00fcbrig.\n\nVielen Dank an dieser Stelle an alle Helfer. Ihr habt allesamt gute Arbeit geleistet.\n\nStatt des Oktoberfestes haben wir in diesem Jahr einen Herbst-Brunch veranstaltet, mit typisch hessischen Spezialit\u00e4ten. Das Clubheim war voll und am Ende des Tages das B\u00fcffet (bis auf das Sauerkraut) fast leer. Was wollen wir mehr? \n\nNun ist das Jahr schon wieder fast zu Ende. Wir haben zu unserer Weihnachtsfeier eingeladen. Zu unserer Freude konnten wir sehr viele Mitglieder begr\u00fc\u00dfen. Sehr gut ist wieder unser Quiz rund um unseren Verein angekommen. Vielen Dank an Frank Rein f\u00fcr die sehr sch\u00f6nen und interessanten Fragen, und auch das Wichteln war wieder sehr sch\u00f6n. Danach ging es in den gem\u00fctlichen Teil \u00fcber, entweder im mollig warmen Clubheim bei angeregter Unterhaltung, oder, wer wollte, in unserem aufgestellten Zelt mit Gl\u00fchwein und hei\u00dfem Winterapfel der nicht ganz so schlimmen K\u00e4lte trotzen und den Abend ausklingen lassen. \n\nUnd das war es schon wieder, das Jahr 2018. \n\nWer jetzt f\u00fcr Silvester noch nichts geplant hat aber auch nicht zu Hause bleiben will, der kommt einfach zu uns ins Clubheim. Wir essen, trinken, babbeln und spielen miteinander, verabschieden das alte und begr\u00fc\u00dfen um Mitternacht das neue Jahr. N\u00e4heres erfahrt ihr bei Wolfgang oder Brigitte oder aus dem in dieser Info abgedruckten Flyer.\n\nBleibt uns nur noch euch allen ein gl\u00fcckliches und erfolgreiches Jahr 2019 zu w\u00fcnschen.\n\nEuer Vergn\u00fcgungsausschuss\n\nKirsten, Gerold, Frank, Wolfgang und Brigitte.\n<\/p>\n","protected":false},"excerpt":{"rendered":"<p>Das zweite Halbjahr begann mit der Siedlerkerb. F\u00fcr die Standbetreiber beginnt die Kerb bereits Mittwochs vor dem offiziellen Start mit dem H\u00fcttenaufbau. So langsam haben wir Routine mit dem Auf- [&hellip;]<\/p>\n","protected":false},"author":2,"featured_media":3541,"comment_status":"closed","ping_status":"closed","sticky":false,"template":"","format":"standard","meta":{"ngg_post_thumbnail":0,"footnotes":""},"categories":[4,6,1],"tags":[248,250],"class_list":["post-4237","post","type-post","status-publish","format-standard","has-post-thumbnail","hentry","category-clubheim","category-termin","category-verein","tag-veranstaltungen","tag-vergnuegungsausschuss"],"_links":{"self":[{"href":"https:\/\/www.ttc-darmstadt.de\/blog\/wp-json\/wp\/v2\/posts\/4237","targetHints":{"allow":["GET"]}}],"collection":[{"href":"https:\/\/www.ttc-darmstadt.de\/blog\/wp-json\/wp\/v2\/posts"}],"about":[{"href":"https:\/\/www.ttc-darmstadt.de\/blog\/wp-json\/wp\/v2\/types\/post"}],"author":[{"embeddable":true,"href":"https:\/\/www.ttc-darmstadt.de\/blog\/wp-json\/wp\/v2\/users\/2"}],"replies":[{"embeddable":true,"href":"https:\/\/www.ttc-darmstadt.de\/blog\/wp-json\/wp\/v2\/comments?post=4237"}],"version-history":[{"count":1,"href":"https:\/\/www.ttc-darmstadt.de\/blog\/wp-json\/wp\/v2\/posts\/4237\/revisions"}],"predecessor-version":[{"id":4238,"href":"https:\/\/www.ttc-darmstadt.de\/blog\/wp-json\/wp\/v2\/posts\/4237\/revisions\/4238"}],"wp:featuredmedia":[{"embeddable":true,"href":"https:\/\/www.ttc-darmstadt.de\/blog\/wp-json\/wp\/v2\/media\/3541"}],"wp:attachment":[{"href":"https:\/\/www.ttc-darmstadt.de\/blog\/wp-json\/wp\/v2\/media?parent=4237"}],"wp:term":[{"taxonomy":"category","embeddable":true,"href":"https:\/\/www.ttc-darmstadt.de\/blog\/wp-json\/wp\/v2\/categories?post=4237"},{"taxonomy":"post_tag","embeddable":true,"href":"https:\/\/www.ttc-darmstadt.de\/blog\/wp-json\/wp\/v2\/tags?post=4237"}],"curies":[{"name":"wp","href":"https:\/\/api.w.org\/{rel}","templated":true}]}}