{"id":4232,"date":"2019-01-10T17:17:39","date_gmt":"2019-01-10T15:17:39","guid":{"rendered":"http:\/\/www.ttc-darmstadt.de\/?p=4232"},"modified":"2019-08-28T22:42:44","modified_gmt":"2019-08-28T20:42:44","slug":"bericht-zur-vorrunde-der-saison-2018-2019-jugendabteilung","status":"publish","type":"post","link":"https:\/\/www.ttc-darmstadt.de\/blog\/bericht-zur-vorrunde-der-saison-2018-2019-jugendabteilung\/","title":{"rendered":"Bericht zur Vorrunde der Saison 2018\/2019 &#8211; Jugendabteilung"},"content":{"rendered":"\n<p>Wir starteten diesmal zwar mit \u201enur\u201c 5 Nachwuchsmannschaften in die Saison, allerdings so hochklassig wie selten. Die erste Jugend startet in der Verbandsliga, der zweith\u00f6chsten hessischen Spielklasse. Die zweite Jugend geht in der Bezirksklasse auf Punktejagd, w\u00e4hrend sich die A-Sch\u00fcler in der Kreisliga versuchen. Die weibliche Jugend, ebenso die dritte Jugend starten in den Kreisklassen. Schade ist, dass obwohl viele j\u00fcngere Kinder im Training sind, in den Altersklassen der B- und C-Sch\u00fcler aktuell keine Mannschaft gemeldet wurde. Das w\u00fcrden wir gerne zur n\u00e4chsten Saison \u00e4ndern. Denn Spieler sind genug da. Vielleicht hat bis dahin, ja der ein oder andere Lust bekommen in einer Mannschaft zu spielen. Die Vorrunde lief bei den Mannschaften durchwachsen. Die erste und zweite Jugend hatten es wie erwartet in ihren Ligen schwer und finden sich jeweils im hinteren Tabellendrittel wieder. Die weibliche Jugend hielt in ihrer Liga gut mit und belegt nach der Vorrunde einen Mittelfeldplatz. Die dritte Jugend verpasste die Herbstmeisterschaft mit Platz 2 knapp, w\u00e4hrend die A-Sch\u00fcler in der Kreisliga etwas Lehrgeld zahlen mussten. Daf\u00fcr erreichten die A-Sch\u00fcler im Pokal das Viertelfinale, ehe sie gegen die sp\u00e4teren Zweiten ausschieden. Im September standen wie jedes Jahr die Kreiseinzelmeisterschaften an. In der Jugend errangen Nils Sch\u00e4fer und Silas Eufinger jeweils einen dritten Platz im Einzel. Tim St\u00fcbing schaffte den Sprung aus der Gruppe ins Achtelfinale, musste sich dort aber knapp dem sp\u00e4teren Sieger geschlagen geben. Im Doppel war \u00e4rgerlich, dass unsere beiden Doppel Tim\/Julius und Nils\/Silas bereits im Viertelfinale aufeinandertrafen. Nils\/Silas setzten sich durch, sodass am Ende auch im Doppel ein dritter Platz zu Buche stand. Bei den A-Sch\u00fclern schaffte es Felix Gradwohl im Einzel, ebenso wie im Doppel mit seinem Doppelpartner Ole Hell von der SGA, bis ins Viertelfinale. Bei den B-Sch\u00fclern traten Tim Teschner und Dennis Leibk\u00fcchler an. Hier schaffte es Tim im Einzel bis ins Achtelfinale. In der Konkurrenz der weiblichen Jugend vertrat uns Vivian Liu. Bei ihrem ersten Turnier konnte sie einige erfahrenere Gegnerinnen \u00e4rgern, verpasste aber leider den Sprung in die KO-Runde knapp. Bei den A-Sch\u00fclerinnen wurde im Modus \u201eJede-gegen-Jede\u201c gespielt. Nikita Baghous erreichte dabei einen 5. und Johanna Messinesis einen 7.Platz Beim Trainingsbetrieb freuen wir uns in letzter Zeit wieder \u00fcber einen deutlichen Zuwachs an Teilnehmerinnen und Teilnehmern. Nat\u00fcrlich sind jederzeit neue Spielerinnen und Spieler, die Interesse haben Tischtennis zu spielen, herzlich willkommen.<\/p>\n\n\n\n<p>Wir m\u00f6chten an dieser Stelle nochmals darauf hinweisen, dass sowohl dienstags als auch freitags trainiert werden kann, da es einige gibt, die nur an einem der beiden Tage ins Training kommen (die Trainingszeiten sind an beiden Tagen gleich). Bei zweimal Training pro Woche merken wir Trainer eine deutlich steilere Lernkurve. Also: Probiert\u2019s doch mal selbst aus \ud83d\ude42 Wer nat\u00fcrlich nur einmal pro Woche Zeit hat ins Training zu kommen: Kein Problem, das ist weiterhin ok. N\u00e4chster Vereins-Termin ist die Nachwuchs-Vereinsmeisterschaft am Sonntag, 27. Januar zu denen alle Nachwuchsspielerinnen und -Spieler (egal ob bereits in einer Mannschaft oder nicht), Freunde und Familie recht herzlich eingeladen sind. Eine detaillierte Einladung folgt wie \u00fcblich per Email. Die ersten Mannschaftsspiele der R\u00fcckrunde starten am 26. Januar. Wir m\u00f6chten uns abschlie\u00dfend wieder bei allen Betreuern, Fahrern, Organisatoren, Helfern, wie auch den Trainern und nat\u00fcrlich Spielerinnen und Spielern f\u00fcr ihren Einsatz recht herzlich bedanken. Wir w\u00fcnschen allen einen guten Start ins neue Jahr 2019 und eine erfolgreiche R\u00fcckrunde. Eure Jugendleiter Lukas Laux und Max Tippmann F\u00fcr die R\u00fcckrunde stehen, neben den Mannschaftsspielen, bereits jetzt folgende Termine fest, detaillierte Einladungen folgen: <\/p>\n\n\n\n<ul class=\"wp-block-list\"><li>Samstag\/Sonntag 19.1.\/20.1.2019 Kreisvorranglisten (vereins\u00fcbergreifendes Einzel-Turnier) <\/li><li>Sonntag 27.1.2019 Nachwuchs-Vereinsmeisterschaften <\/li><li>Sonntag 3.2.2019 Kreisjahrgangsmeisterschaften (vereins\u00fcbergreifendes Einzel-Turnier, insbesondere f\u00fcr j\u00fcngere Spielerinnen und Spieler) <\/li><li>Samstag\/Sonntag 23.2.\/24.2.2019 Kreisendranglisten (vereins\u00fcbergreifendes Einzel-Turnier, f\u00fcr qualifizierte Spielerinnen und Spieler) <\/li><\/ul>\n","protected":false},"excerpt":{"rendered":"<p>Wir starteten diesmal zwar mit \u201enur\u201c 5 Nachwuchsmannschaften in die Saison, allerdings so hochklassig wie selten. Die erste Jugend startet in der Verbandsliga, der zweith\u00f6chsten hessischen Spielklasse. Die zweite Jugend [&hellip;]<\/p>\n","protected":false},"author":2,"featured_media":4409,"comment_status":"closed","ping_status":"closed","sticky":false,"template":"","format":"standard","meta":{"ngg_post_thumbnail":0,"footnotes":""},"categories":[3,5],"tags":[247,14,204,246],"class_list":["post-4232","post","type-post","status-publish","format-standard","has-post-thumbnail","hentry","category-nachwuchs","category-wettkampf","tag-bericht","tag-jugend","tag-nachwuchs","tag-schueler"],"_links":{"self":[{"href":"https:\/\/www.ttc-darmstadt.de\/blog\/wp-json\/wp\/v2\/posts\/4232","targetHints":{"allow":["GET"]}}],"collection":[{"href":"https:\/\/www.ttc-darmstadt.de\/blog\/wp-json\/wp\/v2\/posts"}],"about":[{"href":"https:\/\/www.ttc-darmstadt.de\/blog\/wp-json\/wp\/v2\/types\/post"}],"author":[{"embeddable":true,"href":"https:\/\/www.ttc-darmstadt.de\/blog\/wp-json\/wp\/v2\/users\/2"}],"replies":[{"embeddable":true,"href":"https:\/\/www.ttc-darmstadt.de\/blog\/wp-json\/wp\/v2\/comments?post=4232"}],"version-history":[{"count":2,"href":"https:\/\/www.ttc-darmstadt.de\/blog\/wp-json\/wp\/v2\/posts\/4232\/revisions"}],"predecessor-version":[{"id":4234,"href":"https:\/\/www.ttc-darmstadt.de\/blog\/wp-json\/wp\/v2\/posts\/4232\/revisions\/4234"}],"wp:featuredmedia":[{"embeddable":true,"href":"https:\/\/www.ttc-darmstadt.de\/blog\/wp-json\/wp\/v2\/media\/4409"}],"wp:attachment":[{"href":"https:\/\/www.ttc-darmstadt.de\/blog\/wp-json\/wp\/v2\/media?parent=4232"}],"wp:term":[{"taxonomy":"category","embeddable":true,"href":"https:\/\/www.ttc-darmstadt.de\/blog\/wp-json\/wp\/v2\/categories?post=4232"},{"taxonomy":"post_tag","embeddable":true,"href":"https:\/\/www.ttc-darmstadt.de\/blog\/wp-json\/wp\/v2\/tags?post=4232"}],"curies":[{"name":"wp","href":"https:\/\/api.w.org\/{rel}","templated":true}]}}