{"id":4230,"date":"2019-01-10T17:10:59","date_gmt":"2019-01-10T15:10:59","guid":{"rendered":"http:\/\/www.ttc-darmstadt.de\/?p=4230"},"modified":"2019-01-11T19:19:10","modified_gmt":"2019-01-11T17:19:10","slug":"die-vorrunde-begann-fuer-die-5-mannschaft-nicht-so-gut","status":"publish","type":"post","link":"https:\/\/www.ttc-darmstadt.de\/blog\/die-vorrunde-begann-fuer-die-5-mannschaft-nicht-so-gut\/","title":{"rendered":"Die Vorrunde begann f\u00fcr die 5. Mannschaft nicht so gut."},"content":{"rendered":"\n<p>Es konnte kein Spiel in der Stammbesetzung (sei es durch Krankheit oder Berufsbedingt) gespielt werden. Die Sorgen um eine gute Platzierung in der Vorrunde wuchsen und verunsicherten uns.\n\nAber dank unseren guten Ersatzspielern konnten wir uns in der Klasse behaupten und beenden die Vorrunde auf einem sehr guten f\u00fcnften Tabellenplatz. \n\nIch hoffe das wir in der R\u00fcckrunde genauso gut abschneiden und diesen Platz halten bzw. noch verbessern k\u00f6nnen.\n\nAls Fazit kann man festhalten die 5 Herrenmannschaft hat sich gut in der neuen Spielklasse etabliert und ist besser als vermutet.\n\nF\u00fcr die R\u00fcckrunde w\u00fcnsche ich mir als Mannschaftsf\u00fchrer das unser verletzter Spieler wieder voll genesen wird und uns bald wieder tatkr\u00e4ftig unterst\u00fctzt. \n\nWeiterhin hoffe ich auch in der R\u00fcckrunde das uns unser Kampfgeist und die positive Einstellung nicht verloren geht dann werden wir unsere gute Platzierung verteidigen k\u00f6nnen,\n\nHartmut\nMannschaftsf\u00fchrer 5. Herren\n<\/p>\n","protected":false},"excerpt":{"rendered":"<p>Es konnte kein Spiel in der Stammbesetzung (sei es durch Krankheit oder Berufsbedingt) gespielt werden. Die Sorgen um eine gute Platzierung in der Vorrunde wuchsen und verunsicherten uns. Aber dank [&hellip;]<\/p>\n","protected":false},"author":2,"featured_media":4257,"comment_status":"closed","ping_status":"closed","sticky":false,"template":"","format":"standard","meta":{"ngg_post_thumbnail":0,"footnotes":""},"categories":[19,5],"tags":[57,241,13],"class_list":["post-4230","post","type-post","status-publish","format-standard","has-post-thumbnail","hentry","category-mannschaft5","category-wettkampf","tag-1-kreisklasse","tag-2018-2019","tag-ttc5"],"_links":{"self":[{"href":"https:\/\/www.ttc-darmstadt.de\/blog\/wp-json\/wp\/v2\/posts\/4230","targetHints":{"allow":["GET"]}}],"collection":[{"href":"https:\/\/www.ttc-darmstadt.de\/blog\/wp-json\/wp\/v2\/posts"}],"about":[{"href":"https:\/\/www.ttc-darmstadt.de\/blog\/wp-json\/wp\/v2\/types\/post"}],"author":[{"embeddable":true,"href":"https:\/\/www.ttc-darmstadt.de\/blog\/wp-json\/wp\/v2\/users\/2"}],"replies":[{"embeddable":true,"href":"https:\/\/www.ttc-darmstadt.de\/blog\/wp-json\/wp\/v2\/comments?post=4230"}],"version-history":[{"count":1,"href":"https:\/\/www.ttc-darmstadt.de\/blog\/wp-json\/wp\/v2\/posts\/4230\/revisions"}],"predecessor-version":[{"id":4231,"href":"https:\/\/www.ttc-darmstadt.de\/blog\/wp-json\/wp\/v2\/posts\/4230\/revisions\/4231"}],"wp:featuredmedia":[{"embeddable":true,"href":"https:\/\/www.ttc-darmstadt.de\/blog\/wp-json\/wp\/v2\/media\/4257"}],"wp:attachment":[{"href":"https:\/\/www.ttc-darmstadt.de\/blog\/wp-json\/wp\/v2\/media?parent=4230"}],"wp:term":[{"taxonomy":"category","embeddable":true,"href":"https:\/\/www.ttc-darmstadt.de\/blog\/wp-json\/wp\/v2\/categories?post=4230"},{"taxonomy":"post_tag","embeddable":true,"href":"https:\/\/www.ttc-darmstadt.de\/blog\/wp-json\/wp\/v2\/tags?post=4230"}],"curies":[{"name":"wp","href":"https:\/\/api.w.org\/{rel}","templated":true}]}}