{"id":4226,"date":"2019-01-10T17:03:20","date_gmt":"2019-01-10T15:03:20","guid":{"rendered":"http:\/\/www.ttc-darmstadt.de\/?p=4226"},"modified":"2019-01-10T17:36:20","modified_gmt":"2019-01-10T15:36:20","slug":"die-dritte-steht-auf-einem-nichtabstiegsplatz","status":"publish","type":"post","link":"https:\/\/www.ttc-darmstadt.de\/blog\/die-dritte-steht-auf-einem-nichtabstiegsplatz\/","title":{"rendered":"Die dritte steht auf einem Nichtabstiegsplatz!"},"content":{"rendered":"\n<p>In der letzten Saison sind wir als \u201eDrittletzer\u201c zwar etwas ungl\u00fccklich, aber trotzdem verdient aus der Kreisliga in die 1. Kreisklasse abgestiegen. Danach gab es aber ein kleines Wunder. Unsere vierte Mannschaft ist (trotzdem dass nur der 3. Platz in der Aufstiegsrelegation erreicht wurde) nachtr\u00e4glich in die Kreisliga aufgestiegen und somit war die dritte Mannschaft pl\u00f6tzlich wieder in der Kreisliga, weil die vierte nicht vor der dritten spielen darf. Mein Dank gilt der vierten Mannschaft, die dies m\u00f6glich gemacht hat. Die Vorzeichen f\u00fcr die Saison 2018\/2019 waren und sind somit die gleichen. Es gilt den Klassenerhalt, bei erneut drei Absteigern, zu erk\u00e4mpfen. Die Liga ist zudem noch st\u00e4rker besetzt als letzte Saison.  Aber: Wir haben es nach der Vorrunde geschafft  \u201eViertletzter\u201c zu sein und das w\u00e4re am Ende der Runde der Klassenerhalt in der Kreisliga. Unsere Mannschaft mit der Aufstellung Berndt Mengler, Theodore Nicol, Dieter Lens, Wolfram Sch\u00e4fer, Philipp Hedrich und Bernd H\u00f6hl musste zun\u00e4chst neue Doppel finden. Das ist leider nicht wirklich gelungen, denn unsere Doppelbilanz in der Vorrunde war grauenhaft und hat so manchen Punkt gekostet. Angefangen hat das gleich an ersten Spieltag. Wir spielten in Komplettbesetzung gegen St. Stephan. Theo und Dieter erwischten einen super Tag und gewannen zusammen alle vier Einzel. Dank 0:4 Doppeln verloren wir aber mehr als ungl\u00fccklich 7:9. Eine Woche danach gab es gegen einen der Meisterschaftsfavoriten eine 5:9 Niederlage. Immerhin gelang uns bei der SG Arheilgen ein Doppelsieg. Der dritte Spieltag bescherte uns eine gro\u00dfe \u00dcberraschung. Gegen Topfavorit TTC Pfungstadt rechneten wir uns relativ wenig aus. Umso erfreulicher war das 8:8 Unentschieden. Dank einer geschlossenen Mannschaftsleistung, mit je zwei Einzelsiegen von Dieter und Wolfram, holten wir einen \u00fcberraschenden Punkt. Durch den Punkt in Pfungstadt war unser Selbstvertrauen wieder etwas gestiegen und wir spielten gegen Aufsteiger TUS Griesheim, die im ersten Paarkreuz mit  den beiden wohl besten Leuten der Liga antraten. Wir holten im ersten Paarkreuz leider keinen Punkt, obwohl Berndt Mengler einen verdient gehabt h\u00e4tte. Er verlor gegen den Spieler Kalcik nur mit viel Pech 10:12 im f\u00fcnften Satz. Dieter, Wolfram, Philipp und Bernd holten aber jeweils 2:0 Einzelsiege und Dank eines gewonnenen Doppels sprang ein 9:6 heraus. Wir waren sehr zufrieden. Das 3:9 in Wixhausen am n\u00e4chsten Spieltag war eine geschlossene Mannschaftsleistung, aber im umgekehrten Sinne. Mit drei  verlorenen Eingangsdoppeln und nur verlorenen 5-Satz-Spielen geht halt nichts. <\/p>\n\n\n\n<p>Das Spiel gegen die Mannschaft von GSW und einer 3:9 Niederlage kommentiere ich besser nicht, denn es lief mehr als wenig. Da waren wir nur bis zum 0:0 noch gut.\nAls wir eine Woche sp\u00e4ter gegen Alsbach 6:9 verloren haben, waren wir wieder deutlich besser drauf. 6:6 Einzel konnten sich gegen die gute Alsbacher Mannschaft sehen lassen. Die Doppel wurden wie fast immer 0:3 verloren.\n\nDer n\u00e4chste Gegner Darmstadt 98, obwohl Tabellenletzter, h\u00e4tte die M\u00f6glichkeit die Mannschaft so stark zu stellen, dass sie vorne in der Klasse mitspielen w\u00fcrde. Gl\u00fccklicherweise kamen sie aber nicht in Bestbesetzung. Mannschaftsf\u00fchrer Wolfram, der nicht mitspielte, wurde durch Stephan Messinesis vertreten. Alles in allem ein gutes Spiel der Mannschaft und ein verdientes 9:2 f\u00fcr uns. Die gr\u00f6\u00dfte \u00dcberraschung war: 3:0 Doppel f\u00fcr uns. Ich sollte \u00f6fters  pausieren.\n\nGegen Tabellenf\u00fchrer Messel gab es dann eine verdiente 3:9 Niederlage. Das dritte Freitagsspiel der Vorrunde und die 3. Niederlage. Freitags scheint unser Problemtag zu sein.\n\nZum Beginn der Adventszeit ging es dann zum drittletzten H\u00e4hnlein und das auch noch am Sonntag um 9:30 Uhr  nach unserer Weihnachtsfeier. Durch die Ausf\u00e4lle von Berndt Mengler und Philipp Hedrich und den Ausfall von dem schon verpflichteten Ersatzspieler Stephan H\u00fctig waren die Vorzeichen schlecht. Als Ersatzspieler stand bis 10 Stunden vor dem Spiel nur Frank Rein fest und ich war in gro\u00dfer Sorge in Unterzahl anzutreten.  Um Mitternacht bei der Weihnachtsfeier erkl\u00e4rte dann erfreulicherweise Lukas Laux (fast freiwillig) seine Bereitschaft mitzuspielen. Wir gewannen 9:4 und erreichten den viertletzten Platz. Gro\u00dfer Dank an Lukas, der nicht nur \u00fcberragend spielte, sondern auch durch sein Coaching und seine positive Art ganz gro\u00dfen Anteil am Sieg hatte.\n\nIch bedanke mich bei meiner Mannschaft Berndt, Theo, Dieter, Philipp und Bernd f\u00fcr den Einsatz und die P\u00fcnktlichkeit. Ein Dank gilt auch den \u201eErsatzspielern\u201c Philipp Czechowski, Frank Rein, Stephan Messinesis und Lukas Laux.\n\nIch w\u00fcnsche meiner Mannschaft, dass wir dieses Mal den Klassenerhalt aus eigener Kraft schaffen. In diesem Sinne w\u00fcnsche ich allen eine erfolgreiche R\u00fcckrunde und ein gesundes Jahr 2019.\n\nWolfram Sch\u00e4fer\nMannschaftsf\u00fchrer dritte Mannschaft\n<\/p>\n","protected":false},"excerpt":{"rendered":"<p>In der letzten Saison sind wir als \u201eDrittletzer\u201c zwar etwas ungl\u00fccklich, aber trotzdem verdient aus der Kreisliga in die 1. Kreisklasse abgestiegen. Danach gab es aber ein kleines Wunder. Unsere [&hellip;]<\/p>\n","protected":false},"author":2,"featured_media":0,"comment_status":"closed","ping_status":"closed","sticky":false,"template":"","format":"standard","meta":{"ngg_post_thumbnail":0,"footnotes":""},"categories":[17,5],"tags":[241,63,11],"class_list":["post-4226","post","type-post","status-publish","format-standard","hentry","category-mannschaft3","category-wettkampf","tag-2018-2019","tag-kreisliga","tag-ttc3"],"_links":{"self":[{"href":"https:\/\/www.ttc-darmstadt.de\/blog\/wp-json\/wp\/v2\/posts\/4226","targetHints":{"allow":["GET"]}}],"collection":[{"href":"https:\/\/www.ttc-darmstadt.de\/blog\/wp-json\/wp\/v2\/posts"}],"about":[{"href":"https:\/\/www.ttc-darmstadt.de\/blog\/wp-json\/wp\/v2\/types\/post"}],"author":[{"embeddable":true,"href":"https:\/\/www.ttc-darmstadt.de\/blog\/wp-json\/wp\/v2\/users\/2"}],"replies":[{"embeddable":true,"href":"https:\/\/www.ttc-darmstadt.de\/blog\/wp-json\/wp\/v2\/comments?post=4226"}],"version-history":[{"count":1,"href":"https:\/\/www.ttc-darmstadt.de\/blog\/wp-json\/wp\/v2\/posts\/4226\/revisions"}],"predecessor-version":[{"id":4227,"href":"https:\/\/www.ttc-darmstadt.de\/blog\/wp-json\/wp\/v2\/posts\/4226\/revisions\/4227"}],"wp:attachment":[{"href":"https:\/\/www.ttc-darmstadt.de\/blog\/wp-json\/wp\/v2\/media?parent=4226"}],"wp:term":[{"taxonomy":"category","embeddable":true,"href":"https:\/\/www.ttc-darmstadt.de\/blog\/wp-json\/wp\/v2\/categories?post=4226"},{"taxonomy":"post_tag","embeddable":true,"href":"https:\/\/www.ttc-darmstadt.de\/blog\/wp-json\/wp\/v2\/tags?post=4226"}],"curies":[{"name":"wp","href":"https:\/\/api.w.org\/{rel}","templated":true}]}}