{"id":4220,"date":"2019-01-10T16:55:46","date_gmt":"2019-01-10T14:55:46","guid":{"rendered":"http:\/\/www.ttc-darmstadt.de\/?p=4220"},"modified":"2019-01-10T17:38:55","modified_gmt":"2019-01-10T15:38:55","slug":"sechste-mit-starker-konkurrenz","status":"publish","type":"post","link":"https:\/\/www.ttc-darmstadt.de\/blog\/sechste-mit-starker-konkurrenz\/","title":{"rendered":"Sechste mit starker Konkurrenz"},"content":{"rendered":"\n<p>F\u00fcr die 6. lief es in der Vorrunde nicht so richtig gut. Nachdem wir im Vorjahr die Saison mit einem sehr guten 6. Platz abgeschlossen hatten, wollten wir uns auch in dieser Saison wieder im Mittelfeld platzieren. Allerdings stehen jetzt am Vorrundenende nur 2 Siege und Tabellenplatz 9 von 11 zu Buche. Der Grund daf\u00fcr war vor allem, dass die Gruppe deutlich st\u00e4rker war als im Vorjahr. Viele Mannschaften hatten sich verst\u00e4rkt. Und so richtig einfache Gegner wie in der Vorsaison waren gar keine dabei. Allerdings haben wir auch kein einziges Spiel zu 0 verloren und es waren viele sch\u00f6ne und spannende Spiele dabei. Unser Highlight waren zwei heroische F\u00fcnfsatzsiege der Doppel gegen den Tabellenf\u00fchrer TTC Pfungstadt. <\/p>\n\n\n\n<p>Insgesamt kamen 15 Spieler zum Einsatz, darunter zwei Jugendspieler und eine Damenersatzspielerin. In der R\u00fcckrunde werden wir in der gleichen Besetzung antreten und vielleicht verbessern wir uns ja noch um den einen oder anderen Platz. Thomas Kremer Mannschaftsf\u00fchrer <\/p>\n","protected":false},"excerpt":{"rendered":"<p>F\u00fcr die 6. lief es in der Vorrunde nicht so richtig gut. Nachdem wir im Vorjahr die Saison mit einem sehr guten 6. Platz abgeschlossen hatten, wollten wir uns auch [&hellip;]<\/p>\n","protected":false},"author":2,"featured_media":4204,"comment_status":"closed","ping_status":"closed","sticky":false,"template":"","format":"standard","meta":{"ngg_post_thumbnail":0,"footnotes":""},"categories":[251,5],"tags":[21,241,220],"class_list":["post-4220","post","type-post","status-publish","format-standard","has-post-thumbnail","hentry","category-6-mannschaft","category-wettkampf","tag-2-kreisklasse","tag-2018-2019","tag-ttc-vi"],"_links":{"self":[{"href":"https:\/\/www.ttc-darmstadt.de\/blog\/wp-json\/wp\/v2\/posts\/4220","targetHints":{"allow":["GET"]}}],"collection":[{"href":"https:\/\/www.ttc-darmstadt.de\/blog\/wp-json\/wp\/v2\/posts"}],"about":[{"href":"https:\/\/www.ttc-darmstadt.de\/blog\/wp-json\/wp\/v2\/types\/post"}],"author":[{"embeddable":true,"href":"https:\/\/www.ttc-darmstadt.de\/blog\/wp-json\/wp\/v2\/users\/2"}],"replies":[{"embeddable":true,"href":"https:\/\/www.ttc-darmstadt.de\/blog\/wp-json\/wp\/v2\/comments?post=4220"}],"version-history":[{"count":1,"href":"https:\/\/www.ttc-darmstadt.de\/blog\/wp-json\/wp\/v2\/posts\/4220\/revisions"}],"predecessor-version":[{"id":4221,"href":"https:\/\/www.ttc-darmstadt.de\/blog\/wp-json\/wp\/v2\/posts\/4220\/revisions\/4221"}],"wp:featuredmedia":[{"embeddable":true,"href":"https:\/\/www.ttc-darmstadt.de\/blog\/wp-json\/wp\/v2\/media\/4204"}],"wp:attachment":[{"href":"https:\/\/www.ttc-darmstadt.de\/blog\/wp-json\/wp\/v2\/media?parent=4220"}],"wp:term":[{"taxonomy":"category","embeddable":true,"href":"https:\/\/www.ttc-darmstadt.de\/blog\/wp-json\/wp\/v2\/categories?post=4220"},{"taxonomy":"post_tag","embeddable":true,"href":"https:\/\/www.ttc-darmstadt.de\/blog\/wp-json\/wp\/v2\/tags?post=4220"}],"curies":[{"name":"wp","href":"https:\/\/api.w.org\/{rel}","templated":true}]}}