{"id":4124,"date":"2018-08-18T01:13:44","date_gmt":"2018-08-17T23:13:44","guid":{"rendered":"http:\/\/www.ttc-darmstadt.de\/?p=4124"},"modified":"2018-08-29T08:08:06","modified_gmt":"2018-08-29T06:08:06","slug":"trauer-um-gerhard-grochalski","status":"publish","type":"post","link":"https:\/\/www.ttc-darmstadt.de\/blog\/trauer-um-gerhard-grochalski\/","title":{"rendered":"Trauer um Gerhard Grochalski"},"content":{"rendered":"<p><a href=\"http:\/\/www.ttc-darmstadt.de\/wp-content\/uploads\/Bild-Gerhard-Grochalski.jpg\"><img loading=\"lazy\" decoding=\"async\" class=\"alignleft wp-image-4127 size-medium\" src=\"http:\/\/www.ttc-darmstadt.de\/wp-content\/uploads\/Bild-Gerhard-Grochalski-245x300.jpg\" alt=\"\" width=\"245\" height=\"300\" srcset=\"https:\/\/www.ttc-darmstadt.de\/blog\/wp-content\/uploads\/Bild-Gerhard-Grochalski-245x300.jpg 245w, https:\/\/www.ttc-darmstadt.de\/blog\/wp-content\/uploads\/Bild-Gerhard-Grochalski-768x942.jpg 768w, https:\/\/www.ttc-darmstadt.de\/blog\/wp-content\/uploads\/Bild-Gerhard-Grochalski-644x790.jpg 644w, https:\/\/www.ttc-darmstadt.de\/blog\/wp-content\/uploads\/Bild-Gerhard-Grochalski.jpg 789w\" sizes=\"auto, (max-width: 245px) 100vw, 245px\" \/><\/a>Gerhard Grochalski, Ehrenvorstandsmitglied des 1. Tischtennisclubs Darmstadt ist am 7. August 2018, im Alter von 93 Jahren gestorben und unser Verein ist in gro\u00dfer Trauer.<br \/>\nGerhard war bis vor wenigen Jahren Sportwart unseres Vereins und hat in insgesamt \u00fcber 35 Jahren unendlich viel f\u00fcr unseren Verein geleistet. Dar\u00fcber hinaus engagierte sich Gerhard lange Jahre im Kreisvorstand, zun\u00e4chst als Kreisdamenwart und dann als Kreissportwart. Auch au\u00dferhalb des Tischtennissports hatte Gerhard viele ehrenamtliche Aufgaben inne.<br \/>\nF\u00fcr die unterschiedlichen ehrenamtlichen T\u00e4tigkeiten erhielt Gerhard unz\u00e4hlige Auszeichnungen. Gerhard wurde unter anderem mit der goldenen Vereinsnadel des 1. TTC Darmstadt, mit diversen Ehrungen des hessischen Tischtennisverbandes und mit dem Titel Ehrensportwart unseres Vereins ausgezeichnet. Besonders stolz war Gerhard \u00fcber die Auszeichnungen als verdienter B\u00fcrger der Stadt Darmstadt und als H\u00f6hepunkt, als er im Jahre 2003 vom hessischen Ministerpr\u00e4sidenten das Bundesverdienstkreuz verliehen bekommen hat.<br \/>\nNoch wichtiger als Tischtennis war Gerhard aber seine Familie. Der aus Danzig stammende Gerhard musste aufgrund einer schweren Kriegsverletzung im Darmst\u00e4dter Marienhospital behandelt werden, wo er auf die Darmst\u00e4dterin Anni traf, die dort als Krankenschwester arbeitete. Sie gefiel ihm auf Anhieb und er erz\u00e4hlte mir mal, dass er extra das Fieberthermometer hochgerieben hat um nicht so schnell entlassen zu werden. Gerhard wollte Anni dann w\u00e4hrend des ersten Heinerfestes, Anfang Juli 1951, heiraten, aber da die st\u00e4dtischen \u00c4mter aufgrund des Festbetriebes geschlossen hatten, wurde die Hochzeit bereits im Juni gefeiert. In den n\u00e4chsten Jahren wuchs die Familie um drei Kinder und 1963 wurde das neue Haus in der Heimst\u00e4ttensiedlung bezogen. Zwei Wochen nach der Gr\u00fcndung unseres Vereins im Jahre 1967 trat Gerhard unserem Verein bei und die Funktion\u00e4rslaufbahn nahm kurz darauf seinen Lauf.<br \/>\nIch selbst habe mit Gerhard \u00fcber 35 Jahre im TTC-Vorstand und \u00fcber 13 Jahre im Kreisvorstand zusammengearbeitet und er hatte nicht nur f\u00fcr mich in vielerlei Hinsicht eine Vorbildfunktion. Unvergessen sind die 5-j\u00e4hrige Bauzeit unseres Vereinsheims. Wir haben alles in Eigenhilfe gebaut und Gerhard war der \u201einoffizielle\u201c Bauleiter mit \u00fcber 3000 ehrenamtlichen Einsatzstunden. Er achtete akribisch und manchmal auch \u201enervend\u201c auf eine hohe Qualit\u00e4t unserer Arbeit. Durch diese Leidenschaft wird unser Vereinsheim uns alle \u00fcberdauern und wir sind heute sehr stolz auf Gerhard und seine Leistung.<br \/>\nWir verlieren mit Gerhard nicht nur ein Ehrenmitglied, sondern auch einen Freund. Er hinterl\u00e4sst in unserer TTC-Familie eine gro\u00dfe L\u00fccke und unser Mitgef\u00fchl gilt seinen Angeh\u00f6rigen.<br \/>\nWir werden das Andenken an Gerhard immer in Ehren halten und ihn nicht vergessen.<br \/>\nF\u00fcr den Vorstand des 1. TTC Darmstadt<br \/>\nWolfram Sch\u00e4fer, 1. Vorsitzender<\/p>\n","protected":false},"excerpt":{"rendered":"<p>Gerhard Grochalski, Ehrenvorstandsmitglied des 1. Tischtennisclubs Darmstadt ist am 7. August 2018, im Alter von 93 Jahren gestorben und unser Verein ist in gro\u00dfer Trauer. Gerhard war bis vor wenigen [&hellip;]<\/p>\n","protected":false},"author":2,"featured_media":4127,"comment_status":"closed","ping_status":"closed","sticky":false,"template":"","format":"standard","meta":{"ngg_post_thumbnail":0,"footnotes":""},"categories":[1],"tags":[240],"class_list":["post-4124","post","type-post","status-publish","format-standard","has-post-thumbnail","hentry","category-verein","tag-trauer"],"_links":{"self":[{"href":"https:\/\/www.ttc-darmstadt.de\/blog\/wp-json\/wp\/v2\/posts\/4124","targetHints":{"allow":["GET"]}}],"collection":[{"href":"https:\/\/www.ttc-darmstadt.de\/blog\/wp-json\/wp\/v2\/posts"}],"about":[{"href":"https:\/\/www.ttc-darmstadt.de\/blog\/wp-json\/wp\/v2\/types\/post"}],"author":[{"embeddable":true,"href":"https:\/\/www.ttc-darmstadt.de\/blog\/wp-json\/wp\/v2\/users\/2"}],"replies":[{"embeddable":true,"href":"https:\/\/www.ttc-darmstadt.de\/blog\/wp-json\/wp\/v2\/comments?post=4124"}],"version-history":[{"count":3,"href":"https:\/\/www.ttc-darmstadt.de\/blog\/wp-json\/wp\/v2\/posts\/4124\/revisions"}],"predecessor-version":[{"id":4236,"href":"https:\/\/www.ttc-darmstadt.de\/blog\/wp-json\/wp\/v2\/posts\/4124\/revisions\/4236"}],"wp:featuredmedia":[{"embeddable":true,"href":"https:\/\/www.ttc-darmstadt.de\/blog\/wp-json\/wp\/v2\/media\/4127"}],"wp:attachment":[{"href":"https:\/\/www.ttc-darmstadt.de\/blog\/wp-json\/wp\/v2\/media?parent=4124"}],"wp:term":[{"taxonomy":"category","embeddable":true,"href":"https:\/\/www.ttc-darmstadt.de\/blog\/wp-json\/wp\/v2\/categories?post=4124"},{"taxonomy":"post_tag","embeddable":true,"href":"https:\/\/www.ttc-darmstadt.de\/blog\/wp-json\/wp\/v2\/tags?post=4124"}],"curies":[{"name":"wp","href":"https:\/\/api.w.org\/{rel}","templated":true}]}}