{"id":4079,"date":"2018-04-29T22:02:07","date_gmt":"2018-04-29T20:02:07","guid":{"rendered":"http:\/\/www.ttc-darmstadt.de\/?p=4079"},"modified":"2018-04-29T22:02:07","modified_gmt":"2018-04-29T20:02:07","slug":"erste-manschaft-wird-verlustpunktfrei-meister-in-der-bezirksklasse","status":"publish","type":"post","link":"https:\/\/www.ttc-darmstadt.de\/blog\/erste-manschaft-wird-verlustpunktfrei-meister-in-der-bezirksklasse\/","title":{"rendered":"Erste Manschaft wird verlustpunktfrei Meister in der Bezirksklasse"},"content":{"rendered":"<p>Am Freitagabend war es endlich soweit! Mit einem deutlichen 9:1 gegen die zweite Mannschaft aus St. Stephan verbuchte die erste Mannschaft den 22. Sieg der Saison 2017\/18. Dies bedeutet die Meisterschaft in der Bezirksklasse und gleichzeitig den direkten Aufstieg in die Bezirksliga in der n\u00e4chsten Spielzeit.<\/p>\n<p>Eine Saison ohne eine Niederlage oder ein Unentschieden gegen eine der anderen Mannschaften ist sehr selten. Das der ersten Mannschaft dieses Kunstst\u00fcck gelang ist zum einen einer au\u00dferodentlich konstanten Leistung in nahezu jedem Spiel der Saison und zum anderen den starken Leistungen der eingesetzten Ersatzspielern zu verdanken.<\/p>\n<p>So gab es in der ganzen Spielzeit nur zwei Begegnungen, die h\u00e4tten kippen k\u00f6nnen. In der Hinrunde spielte der SV Eberstadt zuhause sehr stark auf und brachte den 1. TTC an den Rand eines Unentschiedens bzw. einer Niederlage. Das starke Abschlu\u00dfdoppel Doll\/Rapp sowie der der Sieg von Horst Wimmer im entscheidenden zweiten Einzel retteten den Sieg f\u00fcr den 1. TTC Darmstadt. In der R\u00fcckrunde war es der TTC Pfungstadt, der mit einer starken Leistung die Spieler aus der Heimst\u00e4ttensiedlung forderte. Aber auch hier konnte die Partie mit Siegen im hinteren Paarkreuz und einem starken Abschlu\u00dfdoppel am Ende f\u00fcr den 1. TTC Darmstadt gedreht werden.<\/p>\n<p>F\u00fcr den 1. TTC Darmstadt spielten in der abgelaufenen Saison:<\/p>\n<p>In der Hinrunde: Patrick Doll, Maximilian Rapp, Janis Debus, Roland Ohnacker, Carsten Grau, Benedikt Geiger<\/p>\n<p>In der R\u00fcckrunde: Patrick Doll, Janis Debus, Maximilian Rapp, Martin Heckel, Carsten Grau, Roland Ohnacker<\/p>\n<p>Als Ersatzspieler:\u00a0Horst Wimmer, Maximilian Tippmann, Frank Speckhard, Theodore Nicol, Wolfram Sch\u00e4fer, Frank Rein<\/p>\n<p><a href=\"http:\/\/httv.click-tt.de\/cgi-bin\/WebObjects\/nuLigaTTDE.woa\/wa\/groupPage?championship=B4+17%2F18&amp;group=307807\">Hier geht es zum Endstand in der Bezirksklasse Gruppe 3&#8230;<\/a><\/p>\n","protected":false},"excerpt":{"rendered":"<p>Am Freitagabend war es endlich soweit! Mit einem deutlichen 9:1 gegen die zweite Mannschaft aus St. Stephan verbuchte die erste Mannschaft den 22. Sieg der Saison 2017\/18. Dies bedeutet die [&hellip;]<\/p>\n","protected":false},"author":10,"featured_media":3528,"comment_status":"closed","ping_status":"closed","sticky":false,"template":"","format":"standard","meta":{"ngg_post_thumbnail":0,"footnotes":""},"categories":[15,5],"tags":[],"class_list":["post-4079","post","type-post","status-publish","format-standard","has-post-thumbnail","hentry","category-mannschaft1","category-wettkampf"],"_links":{"self":[{"href":"https:\/\/www.ttc-darmstadt.de\/blog\/wp-json\/wp\/v2\/posts\/4079","targetHints":{"allow":["GET"]}}],"collection":[{"href":"https:\/\/www.ttc-darmstadt.de\/blog\/wp-json\/wp\/v2\/posts"}],"about":[{"href":"https:\/\/www.ttc-darmstadt.de\/blog\/wp-json\/wp\/v2\/types\/post"}],"author":[{"embeddable":true,"href":"https:\/\/www.ttc-darmstadt.de\/blog\/wp-json\/wp\/v2\/users\/10"}],"replies":[{"embeddable":true,"href":"https:\/\/www.ttc-darmstadt.de\/blog\/wp-json\/wp\/v2\/comments?post=4079"}],"version-history":[{"count":5,"href":"https:\/\/www.ttc-darmstadt.de\/blog\/wp-json\/wp\/v2\/posts\/4079\/revisions"}],"predecessor-version":[{"id":4085,"href":"https:\/\/www.ttc-darmstadt.de\/blog\/wp-json\/wp\/v2\/posts\/4079\/revisions\/4085"}],"wp:featuredmedia":[{"embeddable":true,"href":"https:\/\/www.ttc-darmstadt.de\/blog\/wp-json\/wp\/v2\/media\/3528"}],"wp:attachment":[{"href":"https:\/\/www.ttc-darmstadt.de\/blog\/wp-json\/wp\/v2\/media?parent=4079"}],"wp:term":[{"taxonomy":"category","embeddable":true,"href":"https:\/\/www.ttc-darmstadt.de\/blog\/wp-json\/wp\/v2\/categories?post=4079"},{"taxonomy":"post_tag","embeddable":true,"href":"https:\/\/www.ttc-darmstadt.de\/blog\/wp-json\/wp\/v2\/tags?post=4079"}],"curies":[{"name":"wp","href":"https:\/\/api.w.org\/{rel}","templated":true}]}}