{"id":4071,"date":"2018-04-15T22:59:24","date_gmt":"2018-04-15T20:59:24","guid":{"rendered":"http:\/\/www.ttc-darmstadt.de\/?p=4071"},"modified":"2018-04-15T23:00:25","modified_gmt":"2018-04-15T21:00:25","slug":"erste-mannschaft-sichert-sich-die-meisterschaft","status":"publish","type":"post","link":"https:\/\/www.ttc-darmstadt.de\/blog\/erste-mannschaft-sichert-sich-die-meisterschaft\/","title":{"rendered":"Erste Mannschaft sichert sich die Meisterschaft!"},"content":{"rendered":"<p>Am Freitagabend fand das Spitzenspiel der Bezirksklasse Gruppe 3 beim SV Darmstadt 98 in Bessungen statt. Mit einem 9:4 Sieg gegen den Tabellenzweiten hat sich die erste Mannschaft des 1. TTC Darmstadt die Meisterschaft in der Liga gesichert. Zwei Spieltage vor Ende der Saison liegt der 1. TTC uneinholbar an der Spitze der Tabelle.<\/p>\n<p>Eine konzentrierte Leistung aller Mannschaftsmitglieder erm\u00f6glichte diesen Erfolg. Obwohl der 1. TTC Darmstadt in der Begegnung von Anfang die F\u00fchrung \u00fcbernahm und bis Ende nicht mehr aus der Hand gab, spiegelt das deutliche 9:4 Ergebnis nicht den wirklichen Spielverlauf wieder. Alle vier F\u00fcnfsatzspiele konnten die Spieler aus der Heimst\u00e4ttensiedlung in dieser hart aber fair umk\u00e4mpften Begegnung f\u00fcr sich entscheiden. W\u00e4ren die Entscheidungss\u00e4tze nicht alle so gelaufen, h\u00e4tte es am Ende noch ziemlich knapp werden k\u00f6nnen.<\/p>\n<p><img loading=\"lazy\" decoding=\"async\" class=\"size-medium wp-image-4072 aligncenter\" src=\"http:\/\/www.ttc-darmstadt.de\/wp-content\/uploads\/1.-Mannschaft_Meisterschaft-2017-18-300x264.jpg\" alt=\"\" width=\"300\" height=\"264\" srcset=\"https:\/\/www.ttc-darmstadt.de\/blog\/wp-content\/uploads\/1.-Mannschaft_Meisterschaft-2017-18-300x264.jpg 300w, https:\/\/www.ttc-darmstadt.de\/blog\/wp-content\/uploads\/1.-Mannschaft_Meisterschaft-2017-18-768x675.jpg 768w, https:\/\/www.ttc-darmstadt.de\/blog\/wp-content\/uploads\/1.-Mannschaft_Meisterschaft-2017-18-644x566.jpg 644w, https:\/\/www.ttc-darmstadt.de\/blog\/wp-content\/uploads\/1.-Mannschaft_Meisterschaft-2017-18.jpg 1280w\" sizes=\"auto, (max-width: 300px) 100vw, 300px\" \/><\/p>\n<p><span style=\"color: #808080\"><em>F\u00fcr den 1. TTC Darmstadt spielten in der R\u00fcckrunde (von links) Carsten Grau, Maximilian Rapp (Mannschaftsf\u00fchrer), Patrick Doll, Roland Ohnacker, Janis Debus (kniend) und Martin Heckel.\u00a0<\/em><\/span><\/p>\n<p>Am Ende dieser Saison kann man nun nach drei Herbstmeistertiteln in Folge endlich den Aufstieg in die Bezirksliga feiern.<\/p>\n<p><a href=\"http:\/\/httv.click-tt.de\/cgi-bin\/WebObjects\/nuLigaTTDE.woa\/wa\/groupPage?championship=B4+17%2F18&amp;group=307807\">Hier geht es zum aktuellen Stand in der BK Gruppe 3&#8230;<\/a><\/p>\n","protected":false},"excerpt":{"rendered":"<p>Am Freitagabend fand das Spitzenspiel der Bezirksklasse Gruppe 3 beim SV Darmstadt 98 in Bessungen statt. Mit einem 9:4 Sieg gegen den Tabellenzweiten hat sich die erste Mannschaft des 1. [&hellip;]<\/p>\n","protected":false},"author":10,"featured_media":3528,"comment_status":"closed","ping_status":"closed","sticky":false,"template":"","format":"standard","meta":{"ngg_post_thumbnail":0,"footnotes":""},"categories":[15,5],"tags":[],"class_list":["post-4071","post","type-post","status-publish","format-standard","has-post-thumbnail","hentry","category-mannschaft1","category-wettkampf"],"_links":{"self":[{"href":"https:\/\/www.ttc-darmstadt.de\/blog\/wp-json\/wp\/v2\/posts\/4071","targetHints":{"allow":["GET"]}}],"collection":[{"href":"https:\/\/www.ttc-darmstadt.de\/blog\/wp-json\/wp\/v2\/posts"}],"about":[{"href":"https:\/\/www.ttc-darmstadt.de\/blog\/wp-json\/wp\/v2\/types\/post"}],"author":[{"embeddable":true,"href":"https:\/\/www.ttc-darmstadt.de\/blog\/wp-json\/wp\/v2\/users\/10"}],"replies":[{"embeddable":true,"href":"https:\/\/www.ttc-darmstadt.de\/blog\/wp-json\/wp\/v2\/comments?post=4071"}],"version-history":[{"count":5,"href":"https:\/\/www.ttc-darmstadt.de\/blog\/wp-json\/wp\/v2\/posts\/4071\/revisions"}],"predecessor-version":[{"id":4077,"href":"https:\/\/www.ttc-darmstadt.de\/blog\/wp-json\/wp\/v2\/posts\/4071\/revisions\/4077"}],"wp:featuredmedia":[{"embeddable":true,"href":"https:\/\/www.ttc-darmstadt.de\/blog\/wp-json\/wp\/v2\/media\/3528"}],"wp:attachment":[{"href":"https:\/\/www.ttc-darmstadt.de\/blog\/wp-json\/wp\/v2\/media?parent=4071"}],"wp:term":[{"taxonomy":"category","embeddable":true,"href":"https:\/\/www.ttc-darmstadt.de\/blog\/wp-json\/wp\/v2\/categories?post=4071"},{"taxonomy":"post_tag","embeddable":true,"href":"https:\/\/www.ttc-darmstadt.de\/blog\/wp-json\/wp\/v2\/tags?post=4071"}],"curies":[{"name":"wp","href":"https:\/\/api.w.org\/{rel}","templated":true}]}}