{"id":4042,"date":"2018-02-21T23:08:10","date_gmt":"2018-02-21T21:08:10","guid":{"rendered":"http:\/\/www.ttc-darmstadt.de\/?p=4042"},"modified":"2018-02-27T00:20:18","modified_gmt":"2018-02-26T22:20:18","slug":"drei-siege-zum-start-der-rueckrunde","status":"publish","type":"post","link":"https:\/\/www.ttc-darmstadt.de\/blog\/drei-siege-zum-start-der-rueckrunde\/","title":{"rendered":"Drei Siege zum Start der R\u00fcckrunde!"},"content":{"rendered":"<p>Die Mission &#8222;Aufstieg Bezirksliga&#8220; geht f\u00fcr die erste Mannschaft weiter. Mit drei Siegen ist der Start in die R\u00fcckrunde der Saison gelungen.<\/p>\n<p>Das Auftaktspiel gegen das Team aus Nieder-Ramstadt konnte mit 9:3 relativ deutlich gewonnen werden. Lediglich in der Doppelbilanz gab es mit zwei verlorenen Spielen Verbesserungsbedarf. Dank \u00fcberzeugender Leistungen in den Einzeln wurde der anf\u00e4ngliche kleine R\u00fcckstand wieder gedreht.<\/p>\n<p>Im ersten Heimspiel des Jahres war ein aufgrund von Krankheit und Ersatzstellungen stark geschw\u00e4chtes Team aus Eberstadt zu Gast. Mit 9:0 Punkten und 27:0 S\u00e4tzen wurde ein sehr deutlicher und schneller Sieg gegen die Spielerinnen und Spieler aus Eberstadt eingefahren. Obwohl Eberstadt in diesem Spiel auf verlorenem Posten k\u00e4mpfte, gab sich niemand der G\u00e4ste auf.<\/p>\n<p>Erheblich knapper ging es dann in der dritten Begegnung des Jahres gegen die dritte Mannschaft des TTC Pfungstadt zu. Auf Darmst\u00e4dter Seite musste man auf Janis Debus, der zurzeit die TTR-Rangliste der Liga anf\u00fchrt, verzichten. Bei den Pfungst\u00e4dtern standen allerdings gleich drei Ersatzspieler auf dem Bogen.<\/p>\n<p>Dies spiegelte jedoch nicht den Verlauf der Begegnung wider. Nach knapp 3,5 Stunden und 15 \u00e4u\u00dferst hart umk\u00e4mpften Spielen musste das Abschlu\u00dfdoppel richten. Hier konnten Patrick Doll und Maximilian Rapp wiedereinmal \u00fcberzeugen und das 9:7 f\u00fcr den 1. TTC Darmstadt sichern.<\/p>\n<p><a href=\"http:\/\/httv.click-tt.de\/cgi-bin\/WebObjects\/nuLigaTTDE.woa\/wa\/groupPage?championship=B4+17%2F18&amp;group=307807\">Hier geht es zum aktuellen Stand in der Bezirksklasse Gruppe 3\u2026<\/a><\/p>\n","protected":false},"excerpt":{"rendered":"<p>Die Mission &#8222;Aufstieg Bezirksliga&#8220; geht f\u00fcr die erste Mannschaft weiter. Mit drei Siegen ist der Start in die R\u00fcckrunde der Saison gelungen. Das Auftaktspiel gegen das Team aus Nieder-Ramstadt konnte [&hellip;]<\/p>\n","protected":false},"author":10,"featured_media":3528,"comment_status":"closed","ping_status":"closed","sticky":false,"template":"","format":"standard","meta":{"ngg_post_thumbnail":0,"footnotes":""},"categories":[15,5],"tags":[],"class_list":["post-4042","post","type-post","status-publish","format-standard","has-post-thumbnail","hentry","category-mannschaft1","category-wettkampf"],"_links":{"self":[{"href":"https:\/\/www.ttc-darmstadt.de\/blog\/wp-json\/wp\/v2\/posts\/4042","targetHints":{"allow":["GET"]}}],"collection":[{"href":"https:\/\/www.ttc-darmstadt.de\/blog\/wp-json\/wp\/v2\/posts"}],"about":[{"href":"https:\/\/www.ttc-darmstadt.de\/blog\/wp-json\/wp\/v2\/types\/post"}],"author":[{"embeddable":true,"href":"https:\/\/www.ttc-darmstadt.de\/blog\/wp-json\/wp\/v2\/users\/10"}],"replies":[{"embeddable":true,"href":"https:\/\/www.ttc-darmstadt.de\/blog\/wp-json\/wp\/v2\/comments?post=4042"}],"version-history":[{"count":7,"href":"https:\/\/www.ttc-darmstadt.de\/blog\/wp-json\/wp\/v2\/posts\/4042\/revisions"}],"predecessor-version":[{"id":4049,"href":"https:\/\/www.ttc-darmstadt.de\/blog\/wp-json\/wp\/v2\/posts\/4042\/revisions\/4049"}],"wp:featuredmedia":[{"embeddable":true,"href":"https:\/\/www.ttc-darmstadt.de\/blog\/wp-json\/wp\/v2\/media\/3528"}],"wp:attachment":[{"href":"https:\/\/www.ttc-darmstadt.de\/blog\/wp-json\/wp\/v2\/media?parent=4042"}],"wp:term":[{"taxonomy":"category","embeddable":true,"href":"https:\/\/www.ttc-darmstadt.de\/blog\/wp-json\/wp\/v2\/categories?post=4042"},{"taxonomy":"post_tag","embeddable":true,"href":"https:\/\/www.ttc-darmstadt.de\/blog\/wp-json\/wp\/v2\/tags?post=4042"}],"curies":[{"name":"wp","href":"https:\/\/api.w.org\/{rel}","templated":true}]}}