{"id":3993,"date":"2018-01-19T23:13:15","date_gmt":"2018-01-19T21:13:15","guid":{"rendered":"http:\/\/www.ttc-darmstadt.de\/?p=3993"},"modified":"2018-02-21T21:50:50","modified_gmt":"2018-02-21T19:50:50","slug":"ergebnisse-der-vereinsmeisterschaften","status":"publish","type":"post","link":"https:\/\/www.ttc-darmstadt.de\/blog\/ergebnisse-der-vereinsmeisterschaften\/","title":{"rendered":"Ergebnisse der Vereinsmeisterschaften"},"content":{"rendered":"<p>Zum Beginn des Jahres hat der 1. TTC Darmstadt hat seine Vereinsmeister ermittelt. Das Turnier gab allen aktiven Spielern die M\u00f6glichkeit, f\u00fcr die anstehende R\u00fcckrunde Fahrt aufzunehmen. Im Vergleich zu den Vorjahren stiegen die Teilnehmerzahlen wieder leicht an:<\/p>\n<p>13 Herren-Doppel<br \/>\n4 Mixed-Doppel<br \/>\n2 Damen-Doppel<br \/>\n5 Damen<br \/>\n22 Herren<\/p>\n<p>Am Freitag, den 12.01.2018 wurde die Doppelkonkurrenz der Herren ausgespielt. Am Ende konnten sich wieder die Vorjahressieger Patrick Doll und Maximilian Rapp gegen die Konkurrenz durchsetzen.<\/p>\n<p>Herren-Doppel:<br \/>\n1. Patrick Doll \/ Maximilian Rapp<br \/>\n2. Martin Heckel \/ Maximilian Tippmann<br \/>\n3. Carsten Grau \/ Bernd H\u00f6hl<\/p>\n<p>Am Sonntag, den 14.01.2018 fanden dann die Entscheidungen im Damen-Einzel, Damen-Doppel, Mixed-Doppel und Herren-Einzel statt. Nach einem anstrengenden Tag mit vielen Wettk\u00e4mpfen und jeder Menge Matches standen die folgenden Siegerinnen und Sieger fest:<\/p>\n<p>Damen-Einzel:<br \/>\n1. Miriam Moneke<br \/>\n2. Yvonne Sch\u00e4fer<br \/>\n3. Eva-Lotte Schmidt<\/p>\n<p>Damen-Doppel:<br \/>\n1. Yvonne Sch\u00e4fer \/ Eva-Lotte Schmidt<br \/>\n2. Miriam Moneke \/ Johanna Messinesis<\/p>\n<p>Mixed-Doppel:<br \/>\n1. Miriam Moneke \/ Mark H\u00f6fler<br \/>\n2. Yvonne Sch\u00e4fer \/ Wolfram Sch\u00e4fer<br \/>\n3. Eva-Lotte Schmidt \/ Carsten Grau<\/p>\n<p>Herren-Einzel:<br \/>\n1. Wolfgang Wie\u00dfler<br \/>\n2. Pierre G\u00f6rner<br \/>\n3. Patrick Doll<\/p>\n<p>Herren-Einzel Trostrunde:<br \/>\n1. Michael Welwarsky<br \/>\n2. Stephan Messinesis<\/p>\n<p>Wir gratulieren allen Siegerinnen und Siegern des Jahres 2018!<\/p>\nngg_shortcode_0_placeholder\n","protected":false},"excerpt":{"rendered":"<p>Zum Beginn des Jahres hat der 1. TTC Darmstadt hat seine Vereinsmeister ermittelt. Das Turnier gab allen aktiven Spielern die M\u00f6glichkeit, f\u00fcr die anstehende R\u00fcckrunde Fahrt aufzunehmen. Im Vergleich zu [&hellip;]<\/p>\n","protected":false},"author":10,"featured_media":3545,"comment_status":"closed","ping_status":"closed","sticky":false,"template":"","format":"standard","meta":{"ngg_post_thumbnail":0,"footnotes":""},"categories":[6,1,5],"tags":[237],"class_list":["post-3993","post","type-post","status-publish","format-standard","has-post-thumbnail","hentry","category-termin","category-verein","category-wettkampf","tag-vereinsmeisterschaft-2018"],"_links":{"self":[{"href":"https:\/\/www.ttc-darmstadt.de\/blog\/wp-json\/wp\/v2\/posts\/3993","targetHints":{"allow":["GET"]}}],"collection":[{"href":"https:\/\/www.ttc-darmstadt.de\/blog\/wp-json\/wp\/v2\/posts"}],"about":[{"href":"https:\/\/www.ttc-darmstadt.de\/blog\/wp-json\/wp\/v2\/types\/post"}],"author":[{"embeddable":true,"href":"https:\/\/www.ttc-darmstadt.de\/blog\/wp-json\/wp\/v2\/users\/10"}],"replies":[{"embeddable":true,"href":"https:\/\/www.ttc-darmstadt.de\/blog\/wp-json\/wp\/v2\/comments?post=3993"}],"version-history":[{"count":12,"href":"https:\/\/www.ttc-darmstadt.de\/blog\/wp-json\/wp\/v2\/posts\/3993\/revisions"}],"predecessor-version":[{"id":4026,"href":"https:\/\/www.ttc-darmstadt.de\/blog\/wp-json\/wp\/v2\/posts\/3993\/revisions\/4026"}],"wp:featuredmedia":[{"embeddable":true,"href":"https:\/\/www.ttc-darmstadt.de\/blog\/wp-json\/wp\/v2\/media\/3545"}],"wp:attachment":[{"href":"https:\/\/www.ttc-darmstadt.de\/blog\/wp-json\/wp\/v2\/media?parent=3993"}],"wp:term":[{"taxonomy":"category","embeddable":true,"href":"https:\/\/www.ttc-darmstadt.de\/blog\/wp-json\/wp\/v2\/categories?post=3993"},{"taxonomy":"post_tag","embeddable":true,"href":"https:\/\/www.ttc-darmstadt.de\/blog\/wp-json\/wp\/v2\/tags?post=3993"}],"curies":[{"name":"wp","href":"https:\/\/api.w.org\/{rel}","templated":true}]}}