{"id":3982,"date":"2017-12-12T23:22:52","date_gmt":"2017-12-12T21:22:52","guid":{"rendered":"http:\/\/www.ttc-darmstadt.de\/?p=3982"},"modified":"2017-12-12T23:22:52","modified_gmt":"2017-12-12T21:22:52","slug":"erste-mannschaft-wird-verlustpunktfrei-herbstmeister","status":"publish","type":"post","link":"https:\/\/www.ttc-darmstadt.de\/blog\/erste-mannschaft-wird-verlustpunktfrei-herbstmeister\/","title":{"rendered":"Erste Mannschaft wird verlustpunktfrei Herbstmeister!"},"content":{"rendered":"<p>Die erste Mannschaft ist ohne Punktverlust Herbstmeister in der Bezirksklasse geworden. Mit drei Punkten Vorsprung auf die Mitfavoriten vom SV Darmstadt 98 geht es im neuen Jahr in die R\u00fcckrunde. In dieser warten mit Ausw\u00e4rtsspielen in Pfungstadt, Seeheim und beim SV Darmstadt 98 noch gro\u00dfe Herausforderungen auf die Spieler vom 1. TTC Darmstadt.<\/p>\n<p><img loading=\"lazy\" decoding=\"async\" class=\"size-medium wp-image-3959 alignleft\" src=\"http:\/\/www.ttc-darmstadt.de\/wp-content\/uploads\/Saison-2017_18-TTC-I-300x207.jpeg\" alt=\"\" width=\"300\" height=\"207\" srcset=\"https:\/\/www.ttc-darmstadt.de\/blog\/wp-content\/uploads\/Saison-2017_18-TTC-I-300x207.jpeg 300w, https:\/\/www.ttc-darmstadt.de\/blog\/wp-content\/uploads\/Saison-2017_18-TTC-I-768x530.jpeg 768w, https:\/\/www.ttc-darmstadt.de\/blog\/wp-content\/uploads\/Saison-2017_18-TTC-I-644x445.jpeg 644w\" sizes=\"auto, (max-width: 300px) 100vw, 300px\" \/><\/p>\n<p>Die erste Mannschaft des 1. TTC Darmstadt spielte in der Hinrunde mit der Aufstellung Patrick Doll, Maximilian Rapp, Janis Debus, Roland Ohnacker, Carsten Grau und Benedikt Geiger.<\/p>\n<p><a href=\"http:\/\/httv.click-tt.de\/cgi-bin\/WebObjects\/nuLigaTTDE.woa\/wa\/groupPage?championship=B4+17%2F18&amp;group=307807\">Hier geht es zum aktuellen Stand in der Bezirksklasse Gruppe 3&#8230;<\/a><\/p>\n","protected":false},"excerpt":{"rendered":"<p>Die erste Mannschaft ist ohne Punktverlust Herbstmeister in der Bezirksklasse geworden. Mit drei Punkten Vorsprung auf die Mitfavoriten vom SV Darmstadt 98 geht es im neuen Jahr in die R\u00fcckrunde. [&hellip;]<\/p>\n","protected":false},"author":10,"featured_media":3959,"comment_status":"closed","ping_status":"closed","sticky":false,"template":"","format":"standard","meta":{"ngg_post_thumbnail":0,"footnotes":""},"categories":[5],"tags":[],"class_list":["post-3982","post","type-post","status-publish","format-standard","has-post-thumbnail","hentry","category-wettkampf"],"_links":{"self":[{"href":"https:\/\/www.ttc-darmstadt.de\/blog\/wp-json\/wp\/v2\/posts\/3982","targetHints":{"allow":["GET"]}}],"collection":[{"href":"https:\/\/www.ttc-darmstadt.de\/blog\/wp-json\/wp\/v2\/posts"}],"about":[{"href":"https:\/\/www.ttc-darmstadt.de\/blog\/wp-json\/wp\/v2\/types\/post"}],"author":[{"embeddable":true,"href":"https:\/\/www.ttc-darmstadt.de\/blog\/wp-json\/wp\/v2\/users\/10"}],"replies":[{"embeddable":true,"href":"https:\/\/www.ttc-darmstadt.de\/blog\/wp-json\/wp\/v2\/comments?post=3982"}],"version-history":[{"count":2,"href":"https:\/\/www.ttc-darmstadt.de\/blog\/wp-json\/wp\/v2\/posts\/3982\/revisions"}],"predecessor-version":[{"id":3984,"href":"https:\/\/www.ttc-darmstadt.de\/blog\/wp-json\/wp\/v2\/posts\/3982\/revisions\/3984"}],"wp:featuredmedia":[{"embeddable":true,"href":"https:\/\/www.ttc-darmstadt.de\/blog\/wp-json\/wp\/v2\/media\/3959"}],"wp:attachment":[{"href":"https:\/\/www.ttc-darmstadt.de\/blog\/wp-json\/wp\/v2\/media?parent=3982"}],"wp:term":[{"taxonomy":"category","embeddable":true,"href":"https:\/\/www.ttc-darmstadt.de\/blog\/wp-json\/wp\/v2\/categories?post=3982"},{"taxonomy":"post_tag","embeddable":true,"href":"https:\/\/www.ttc-darmstadt.de\/blog\/wp-json\/wp\/v2\/tags?post=3982"}],"curies":[{"name":"wp","href":"https:\/\/api.w.org\/{rel}","templated":true}]}}