{"id":3961,"date":"2017-11-19T23:50:07","date_gmt":"2017-11-19T21:50:07","guid":{"rendered":"http:\/\/www.ttc-darmstadt.de\/?p=3961"},"modified":"2017-11-19T23:51:38","modified_gmt":"2017-11-19T21:51:38","slug":"tabellenfuehrung-in-der-bezirksklasse","status":"publish","type":"post","link":"https:\/\/www.ttc-darmstadt.de\/blog\/tabellenfuehrung-in-der-bezirksklasse\/","title":{"rendered":"Tabellenf\u00fchrung in der Bezirksklasse!"},"content":{"rendered":"<p><img loading=\"lazy\" decoding=\"async\" class=\"size-medium wp-image-3959 alignright\" src=\"http:\/\/www.ttc-darmstadt.de\/wp-content\/uploads\/Saison-2017_18-TTC-I-300x207.jpeg\" alt=\"\" width=\"300\" height=\"207\" srcset=\"https:\/\/www.ttc-darmstadt.de\/blog\/wp-content\/uploads\/Saison-2017_18-TTC-I-300x207.jpeg 300w, https:\/\/www.ttc-darmstadt.de\/blog\/wp-content\/uploads\/Saison-2017_18-TTC-I-768x530.jpeg 768w, https:\/\/www.ttc-darmstadt.de\/blog\/wp-content\/uploads\/Saison-2017_18-TTC-I-644x445.jpeg 644w\" sizes=\"auto, (max-width: 300px) 100vw, 300px\" \/>Nach einem Doppelspieltag hat die erste Mannschaft des 1. TTC Darmstadt die Tabellenf\u00fchrung in der Bezirksklasse Gruppe 3 \u00fcbernommen. Hierbei konnten die Gastgeber aus Messel sowie einen Tag sp\u00e4ter die G\u00e4ste der TTV GSW mit 9:4 und 9:3 von den Darmst\u00e4dtern bezwungen werden.<\/p>\n<p>In beiden Begegnungen hatten die Spieler aus der Heimst\u00e4ttensiedlung ein wenig mit Startschwierigkeiten zu k\u00e4mpfen. Beide Male musste man mit einem 1:2 R\u00fcckstand aus den Doppeln in die Einzelbegegnungen gehen. Hier konnten die Darmst\u00e4dter jedoch fast durchgehend \u00fcberzeugen. Das vordere Paarkreuz mit Patrick Doll und Maximilian Rapp blieb in beiden Spielen ungeschlagen und konnte in allen acht Einzeln insgesamt \u00fcberzeugen. Roland Ohnacker fand mit guten Leistungen in drei gewonnen Einzeln wieder in die Erfolgsspur zur\u00fcck. Hervorzuheben ist auch die Leistung von Janis Debus, der mit zwei gewonnenen Einzeln seine Siegesserie auf 11:0 im vorderen und mittleren Paarkreuz ausbauen konnte. Carsten Grau und Benedikt Geiger konnten nach einer Durststrecke gegen GSW ihren ersten Doppelerfolg verbuchen.<\/p>\n<p>Die erste Mannschaft ist nun das einzige verlustpunktfreie Team in der BK Gr. 3. Am kommenden Freitag (24.11.2017) kommt es in der Heimst\u00e4ttensiedlung zum Spitzenspiel. Dann ist die bis dato ebenfalls ungeschlagene dritte Mannschaft des SV Darmstadt in der Turnhalle der Friedrich-Ebert-Schule zu Gast.<\/p>\n<p><a href=\"http:\/\/httv.click-tt.de\/cgi-bin\/WebObjects\/nuLigaTTDE.woa\/wa\/groupPage?championship=B4+17%2F18&amp;group=307807\" target=\"_blank\" rel=\"noopener\">Hier geht es zum aktuellen Stand in der Bezirksklasse Gr. 3<\/a><\/p>\n<p>&nbsp;<\/p>\n","protected":false},"excerpt":{"rendered":"<p>Nach einem Doppelspieltag hat die erste Mannschaft des 1. TTC Darmstadt die Tabellenf\u00fchrung in der Bezirksklasse Gruppe 3 \u00fcbernommen. Hierbei konnten die Gastgeber aus Messel sowie einen Tag sp\u00e4ter die [&hellip;]<\/p>\n","protected":false},"author":10,"featured_media":3959,"comment_status":"closed","ping_status":"closed","sticky":false,"template":"","format":"standard","meta":{"ngg_post_thumbnail":0,"footnotes":""},"categories":[15,5],"tags":[],"class_list":["post-3961","post","type-post","status-publish","format-standard","has-post-thumbnail","hentry","category-mannschaft1","category-wettkampf"],"_links":{"self":[{"href":"https:\/\/www.ttc-darmstadt.de\/blog\/wp-json\/wp\/v2\/posts\/3961","targetHints":{"allow":["GET"]}}],"collection":[{"href":"https:\/\/www.ttc-darmstadt.de\/blog\/wp-json\/wp\/v2\/posts"}],"about":[{"href":"https:\/\/www.ttc-darmstadt.de\/blog\/wp-json\/wp\/v2\/types\/post"}],"author":[{"embeddable":true,"href":"https:\/\/www.ttc-darmstadt.de\/blog\/wp-json\/wp\/v2\/users\/10"}],"replies":[{"embeddable":true,"href":"https:\/\/www.ttc-darmstadt.de\/blog\/wp-json\/wp\/v2\/comments?post=3961"}],"version-history":[{"count":3,"href":"https:\/\/www.ttc-darmstadt.de\/blog\/wp-json\/wp\/v2\/posts\/3961\/revisions"}],"predecessor-version":[{"id":3964,"href":"https:\/\/www.ttc-darmstadt.de\/blog\/wp-json\/wp\/v2\/posts\/3961\/revisions\/3964"}],"wp:featuredmedia":[{"embeddable":true,"href":"https:\/\/www.ttc-darmstadt.de\/blog\/wp-json\/wp\/v2\/media\/3959"}],"wp:attachment":[{"href":"https:\/\/www.ttc-darmstadt.de\/blog\/wp-json\/wp\/v2\/media?parent=3961"}],"wp:term":[{"taxonomy":"category","embeddable":true,"href":"https:\/\/www.ttc-darmstadt.de\/blog\/wp-json\/wp\/v2\/categories?post=3961"},{"taxonomy":"post_tag","embeddable":true,"href":"https:\/\/www.ttc-darmstadt.de\/blog\/wp-json\/wp\/v2\/tags?post=3961"}],"curies":[{"name":"wp","href":"https:\/\/api.w.org\/{rel}","templated":true}]}}