{"id":3913,"date":"2017-09-20T18:51:09","date_gmt":"2017-09-20T16:51:09","guid":{"rendered":"http:\/\/www.ttc-darmstadt.de\/?p=3913"},"modified":"2017-09-20T18:54:11","modified_gmt":"2017-09-20T16:54:11","slug":"erste-mannschaft-startet-mit-drei-siegen-in-die-neue-saison","status":"publish","type":"post","link":"https:\/\/www.ttc-darmstadt.de\/blog\/erste-mannschaft-startet-mit-drei-siegen-in-die-neue-saison\/","title":{"rendered":"Erste Mannschaft startet mit drei Siegen in die neue Saison"},"content":{"rendered":"<p>Mit zwei deutlichen und einem \u00e4u\u00dferst knappen Sieg ist die erste Mannschaft in die neue Saison gestartet. Im Saisonauftaktspiel gegen die dritte Mannschaft des TSV Nieder-Ramstadt fehlten in der Stammbesetzung Roland Ohnacker und Maximilian Rapp. Dies konnte durch unsere Bezirksklasse-Erg\u00e4nzungsspieler Martin Heckel und Horst Wimmer aufgefangen werden. Am Ende stand ein deutliches 9:2 f\u00fcr den 1. TTC Darmstadt im ersten Heimspiel.<\/p>\n<p>In der zweiten Begegnung am letzten Sonntag Morgen musste sich die erste Mannschaft den Aufsteigern aus H\u00e4hnlein stellen. Hier konnte man mit einer souver\u00e4nen Leistung am Ende mit einem 9:0 \u00fcberzeugen. Auch diesmal war auf die Erg\u00e4nzungsspieler, in diesem Fall Horst Wimmer und Frank Rein, absolut Verlass.<\/p>\n<p>Am darauffolgenden Montag Abend ging es dann zur\u00a0 zweiten Mannschaft des SV Eberstadt. Das Spiel gegen diese \u00e4u\u00dferst erfahrene Mannschaft entwickelte sich zu einem wahren Krimi. Nach dreieinhalb Stunden konnte sich der 1. TTC Darmstadt mit 9:7 durchsetzen. Nach relativ klaren Doppeln (2:1 f\u00fcr den 1. TTC) waren die Einzel hart umk\u00e4mpft. Drei F\u00fcnsatzspiele gingen an Darmstadt &#8211; zwei an Eberstadt. Nach Siegen und Verlusten in allen Paarkreuzen musste am Ende das erste Doppel die Entscheidung herbeif\u00fchren. Hier konnten sich Patrick Doll und Maximilian Rapp mit einer starken Leistung gegen das Ralf und Michael Schwarzer mit 3:2 durchsetzen.<\/p>\n<p><a href=\"http:\/\/httv.click-tt.de\/cgi-bin\/WebObjects\/nuLigaTTDE.woa\/wa\/teamPortrait?teamtable=2640202&amp;pageState=vorrunde&amp;championship=B4+17%2F18&amp;group=307807\">Hier geht es zu den Spielergebnissen der ersten Mannschaft&#8230;<\/a><\/p>\n","protected":false},"excerpt":{"rendered":"<p>Mit zwei deutlichen und einem \u00e4u\u00dferst knappen Sieg ist die erste Mannschaft in die neue Saison gestartet. Im Saisonauftaktspiel gegen die dritte Mannschaft des TSV Nieder-Ramstadt fehlten in der Stammbesetzung [&hellip;]<\/p>\n","protected":false},"author":10,"featured_media":3545,"comment_status":"closed","ping_status":"closed","sticky":false,"template":"","format":"standard","meta":{"ngg_post_thumbnail":0,"footnotes":""},"categories":[15,5],"tags":[],"class_list":["post-3913","post","type-post","status-publish","format-standard","has-post-thumbnail","hentry","category-mannschaft1","category-wettkampf"],"_links":{"self":[{"href":"https:\/\/www.ttc-darmstadt.de\/blog\/wp-json\/wp\/v2\/posts\/3913","targetHints":{"allow":["GET"]}}],"collection":[{"href":"https:\/\/www.ttc-darmstadt.de\/blog\/wp-json\/wp\/v2\/posts"}],"about":[{"href":"https:\/\/www.ttc-darmstadt.de\/blog\/wp-json\/wp\/v2\/types\/post"}],"author":[{"embeddable":true,"href":"https:\/\/www.ttc-darmstadt.de\/blog\/wp-json\/wp\/v2\/users\/10"}],"replies":[{"embeddable":true,"href":"https:\/\/www.ttc-darmstadt.de\/blog\/wp-json\/wp\/v2\/comments?post=3913"}],"version-history":[{"count":3,"href":"https:\/\/www.ttc-darmstadt.de\/blog\/wp-json\/wp\/v2\/posts\/3913\/revisions"}],"predecessor-version":[{"id":3916,"href":"https:\/\/www.ttc-darmstadt.de\/blog\/wp-json\/wp\/v2\/posts\/3913\/revisions\/3916"}],"wp:featuredmedia":[{"embeddable":true,"href":"https:\/\/www.ttc-darmstadt.de\/blog\/wp-json\/wp\/v2\/media\/3545"}],"wp:attachment":[{"href":"https:\/\/www.ttc-darmstadt.de\/blog\/wp-json\/wp\/v2\/media?parent=3913"}],"wp:term":[{"taxonomy":"category","embeddable":true,"href":"https:\/\/www.ttc-darmstadt.de\/blog\/wp-json\/wp\/v2\/categories?post=3913"},{"taxonomy":"post_tag","embeddable":true,"href":"https:\/\/www.ttc-darmstadt.de\/blog\/wp-json\/wp\/v2\/tags?post=3913"}],"curies":[{"name":"wp","href":"https:\/\/api.w.org\/{rel}","templated":true}]}}