{"id":3854,"date":"2017-08-10T22:00:14","date_gmt":"2017-08-10T20:00:14","guid":{"rendered":"http:\/\/www.ttc-darmstadt.de\/?p=3854"},"modified":"2017-08-21T12:28:27","modified_gmt":"2017-08-21T10:28:27","slug":"ttc-nachwuchs-auf-zeltfreizeit","status":"publish","type":"post","link":"https:\/\/www.ttc-darmstadt.de\/blog\/ttc-nachwuchs-auf-zeltfreizeit\/","title":{"rendered":"TTC-Nachwuchs auf Zeltfreizeit"},"content":{"rendered":"<p>Vom 02.08. bis 06.08. waren 21 TTC&#8217;ler zum Gederner See aufgebrochen. Mit tatkr\u00e4ftiger Unterst\u00fctzung durch Wolfgang Schmidt und Ralf Wittersheim, die im Vorfeld die K\u00fcchenzelte aufbauten, war der Lagerplatz schnell hergerichtet.<\/p>\n<p>Zum beinahe traditionellen Ausflug in den Kletterwald und auf die Sommerrodelbahn unternahmen wir diesmal auch einen Ausflug zum Abenteuer-Minigolf. Der neue Jugendleiter-Stellvertreter Lukas Laux leitete au\u00dferdem die Zeltplatzolympiade, eine Mischung aus unterhaltsamen Raten, Wissen und Sport. So konnten wir dann auch auf eine sportliche Wanderung verzichten. Abgerundet wurde unsere Freizeit durch einige lauschige Lagerfeuerabende.<\/p>\n<p>Ideen f\u00fcr die Gestaltung der Zeltfreizeit 2018 nehmen unsere Jugendleiter gern entgegen.<\/p>\n","protected":false},"excerpt":{"rendered":"<p>Vom 02.08. bis 06.08. waren 21 TTC&#8217;ler zum Gederner See aufgebrochen. Mit tatkr\u00e4ftiger Unterst\u00fctzung durch Wolfgang Schmidt und Ralf Wittersheim, die im Vorfeld die K\u00fcchenzelte aufbauten, war der Lagerplatz schnell [&hellip;]<\/p>\n","protected":false},"author":2,"featured_media":0,"comment_status":"closed","ping_status":"closed","sticky":false,"template":"","format":"standard","meta":{"ngg_post_thumbnail":0,"footnotes":""},"categories":[3,6,1],"tags":[213,111,110],"class_list":["post-3854","post","type-post","status-publish","format-standard","hentry","category-nachwuchs","category-termin","category-verein","tag-213","tag-gederner-see","tag-zeltfreizeit"],"_links":{"self":[{"href":"https:\/\/www.ttc-darmstadt.de\/blog\/wp-json\/wp\/v2\/posts\/3854","targetHints":{"allow":["GET"]}}],"collection":[{"href":"https:\/\/www.ttc-darmstadt.de\/blog\/wp-json\/wp\/v2\/posts"}],"about":[{"href":"https:\/\/www.ttc-darmstadt.de\/blog\/wp-json\/wp\/v2\/types\/post"}],"author":[{"embeddable":true,"href":"https:\/\/www.ttc-darmstadt.de\/blog\/wp-json\/wp\/v2\/users\/2"}],"replies":[{"embeddable":true,"href":"https:\/\/www.ttc-darmstadt.de\/blog\/wp-json\/wp\/v2\/comments?post=3854"}],"version-history":[{"count":2,"href":"https:\/\/www.ttc-darmstadt.de\/blog\/wp-json\/wp\/v2\/posts\/3854\/revisions"}],"predecessor-version":[{"id":3877,"href":"https:\/\/www.ttc-darmstadt.de\/blog\/wp-json\/wp\/v2\/posts\/3854\/revisions\/3877"}],"wp:attachment":[{"href":"https:\/\/www.ttc-darmstadt.de\/blog\/wp-json\/wp\/v2\/media?parent=3854"}],"wp:term":[{"taxonomy":"category","embeddable":true,"href":"https:\/\/www.ttc-darmstadt.de\/blog\/wp-json\/wp\/v2\/categories?post=3854"},{"taxonomy":"post_tag","embeddable":true,"href":"https:\/\/www.ttc-darmstadt.de\/blog\/wp-json\/wp\/v2\/tags?post=3854"}],"curies":[{"name":"wp","href":"https:\/\/api.w.org\/{rel}","templated":true}]}}