{"id":3744,"date":"2017-04-21T14:42:23","date_gmt":"2017-04-21T12:42:23","guid":{"rendered":"http:\/\/www.ttc-darmstadt.de\/?p=3744"},"modified":"2017-04-21T14:50:46","modified_gmt":"2017-04-21T12:50:46","slug":"auch-nach-verpassen-der-relegation-saison-zufrieden-beendet","status":"publish","type":"post","link":"https:\/\/www.ttc-darmstadt.de\/blog\/auch-nach-verpassen-der-relegation-saison-zufrieden-beendet\/","title":{"rendered":"Auch nach Verpassen der Relegation: Saison zufrieden beendet"},"content":{"rendered":"<figure id=\"attachment_3318\" aria-describedby=\"caption-attachment-3318\" style=\"width: 300px\" class=\"wp-caption alignleft\"><a href=\"http:\/\/www.ttc-darmstadt.de\/wp-content\/uploads\/ttcIII_2016-2017.jpg\"><img loading=\"lazy\" decoding=\"async\" width=\"300\" height=\"158\" class=\"size-medium wp-image-3318\" alt=\"\" src=\"http:\/\/www.ttc-darmstadt.de\/wp-content\/uploads\/ttcIII_2016-2017-300x158.jpg\" srcset=\"https:\/\/www.ttc-darmstadt.de\/blog\/wp-content\/uploads\/ttcIII_2016-2017-300x158.jpg 300w, https:\/\/www.ttc-darmstadt.de\/blog\/wp-content\/uploads\/ttcIII_2016-2017-768x405.jpg 768w, https:\/\/www.ttc-darmstadt.de\/blog\/wp-content\/uploads\/ttcIII_2016-2017-644x340.jpg 644w, https:\/\/www.ttc-darmstadt.de\/blog\/wp-content\/uploads\/ttcIII_2016-2017.jpg 1081w\" sizes=\"auto, (max-width: 300px) 100vw, 300px\" \/><\/a><figcaption id=\"caption-attachment-3318\" class=\"wp-caption-text\">Dritte Mannschaft, Saison 2016\/2017, Kreisliga<\/figcaption><\/figure>\n<p>Nach der 3 w\u00f6chigen Osterpause trat die dritte Mannschaft&nbsp;zum letzten Saisonspiel gegen die erste Mannschaft des TTF H\u00e4hnlein an. Nur mit einem Sieg konnte der 3. Platz, der zur Relegation berechtigt, gegen die H\u00e4hnleiner&nbsp;verteidigt werden.<\/p>\n<p>Nur einen Tag vor dem Spiel musste kurzfristig Frank Speckhard durch Berndt Mengler ersetzt und so die Doppel erneut neu formiert werden. Dennoch fehlte nicht viel, um nach den Doppeln sogar 3:0 in F\u00fchrung zu gehen. In der Folge setze sich das st\u00e4rkste vordere Paarkreuz der Liga 4:0 gegen uns durch. Jeweils Frank gegen Lindemann, also auch Thomas gegen Baumann hatten dabei aber realistische Chancen zu punkten. Im mittleren Paarkreuz war das passive Langnoppenspiel von Lauterbach f\u00fcr unsere Spieler nicht zu bezwingen. Gegen den offensiv ausgerichteten Gerhard punktete Marc rel. souver\u00e4n. Wie so oft hielt uns das hintere Paarkreuz im Rennen: Berndt und Hans-J\u00fcrgen behielten dank&nbsp;gro\u00dfen Einsatzes&nbsp;&nbsp;gegen Wydrowski und Rechel eine wei\u00dfe Weste. Im Schlussdoppel unterlagen Hans-J\u00fcrgen und Frank letztendlich dem Kr\u00e4ftverschlei\u00df geschuldet dem Doppel der G\u00e4ste und besiegelten nach 4:05 h die Niederlage gegen den potentiellen dritten Aufsteiger.<\/p>\n<p>Die Dritten Mannschaft ist mit dem Saisonverlauf sehr zufrieden auch wenn man die Chance zum Aufstieg noch nicht wahrgenommen hat.<\/p>\n<p>Gr\u00fcnde daf\u00fcr sind, dass wir als Aufsteiger erst mal in der Liga ankommen mussten, dass 2 Spieler komplett neu in den Verein integriert&nbsp;und geeignete Doppelkombinationen ausprobiert werden mussten. Schlie\u00dflich hatten wir viel zu oft kurzfristig die Stammaufstellung \u00e4ndern m\u00fcssen. Was z\u00e4hlbar bleibt, sind die Steigerung der TTR-Werte aller Spieler, was f\u00fcr die positive Entwicklung der Spielst\u00e4rke spricht und au\u00dferdem&nbsp;eine gute Stimmung innerhalb der Mannschaft.&nbsp;Wegen der hohen Spielst\u00e4rkedichte in unserem Verein sowie erneuten Spielerzug\u00e4ngen und der F\u00f6rderung sich noch schnell entwickelnder junger Spieler, wird es aber wieder zu Ver\u00e4nderungen der Mannschaftszugeh\u00f6rigkeit kommen (m\u00fcssen).&nbsp;Auch wenn einzelne Spieler wegen der eigenen Spielst\u00e4rkeentwicklung oder der anderer &#8222;abgestuft&#8220; werden, k\u00f6nnen wir in der Gesamtsicht mit erneut verst\u00e4rkten Mannschaften und Aufstiegen rechnen, von denen dann wieder alle profitieren.<\/p>\n<p>Was die Aufstellung angeht, werde ich mich daf\u00fcr einsetzen, dass Hans-J\u00fcrgen eine Position bekommt, die seiner Nervenst\u00e4rke, seiner Spielf\u00e4higkeit und der H\u00e4ufigkeit der Trainings- und Punktspielbeteiligung&nbsp;besser gerecht wird als bisher der Fall war. Er hat in den letzten Jahren immer das hintere Paarkreuz ohne Murren angenommen, obwohl auch andere Aufstellungen m\u00f6glich gewesen w\u00e4ren. Dieser Sportsgeist sollte belohnt werden.<\/p>\n<p>Als Mannschaftsf\u00fchrer ist es mir au\u00dferdem ein Anliegen, den Sportsgeist in unserer Liga und in der eigenen Mannschaft&nbsp;anzusprechen. Obwohl nahezu alle Spieler angemessen oder vorbildlich benehmen und auch in emotionalen Phasen Anstand bewahren oder f\u00fcr Fehltritte um Verzeihung bitten, sind Versto\u00dfe gegen klare Regeln akzeptierter Alltag: Dazu geh\u00f6ren unwissentlich oder mutwillig falsch ausgef\u00fchrte Aufschl\u00e4ge, die den Aufschl\u00e4ger oft auch einen Vorteil bringen. Der \u00fcbliche Verweis auf die niedrige Spielklasse oder die 30 Jahre TT, in denen sich nie jemand beschwert hat, k\u00f6nnen nur nicht ernst gemeinte Ausreden sein!? Unsportlich empfinde ich&nbsp;auch das freiwillige Schenken von S\u00e4tzen und Spielen auch wenn dies von den Hessischen TT-Regeln erlaubt ist. In diesem Kontext ist es aber auch zu verstehen, warum man gelegentlich ungl\u00e4ubig angeguckt wird, wenn man dem Gegner einen Punkt zuspricht auch wenn der eigene Schiedsrichter die nicht gesehen hat oder wann man als Schiedsrichter dem eigenen Spieler einen strittigen Punkt abz\u00e4hlt.<\/p>\n<p>Vor Rundenbeginn -&gt; zur Halbserie (Werte nach der Runde werden erg\u00e4nzt)<\/p>\n<table class=\"result-set\" border=\"0\" cellspacing=\"0\" cellpadding=\"0\">\n<tbody>\n<tr>\n<td>3.1<\/td>\n<td>1469<\/td>\n<td><a title=\"Spielerportrait und head-to-head\" href=\"http:\/\/httv.click-tt.de\/cgi-bin\/WebObjects\/nuLigaTTDE.woa\/wa\/playerPortrait?federation=HeTTV&amp;season=2016%2F17&amp;person=289868&amp;club=168\">Eichhorn, Thomas<\/a><\/td>\n<td>-&gt;&nbsp;<\/td>\n<td>1503&nbsp;<\/td>\n<td>-&gt;&nbsp;<\/td>\n<td>&nbsp;<\/td>\n<td>+34&nbsp;<\/td>\n<\/tr>\n<tr>\n<td>3.2<\/td>\n<td>1473<\/td>\n<td><a title=\"Spielerportrait und head-to-head\" href=\"http:\/\/httv.click-tt.de\/cgi-bin\/WebObjects\/nuLigaTTDE.woa\/wa\/playerPortrait?federation=HeTTV&amp;season=2016%2F17&amp;person=777084&amp;club=168\">Speckhard, Frank<\/a><\/td>\n<td>&nbsp;-&gt;<\/td>\n<td>&nbsp;1494<\/td>\n<td>&nbsp;-&gt;<\/td>\n<td>&nbsp;<\/td>\n<td>&nbsp;+21<\/td>\n<\/tr>\n<tr>\n<td>3.3<\/td>\n<td>1488<\/td>\n<td><a title=\"Spielerportrait und head-to-head\" href=\"http:\/\/httv.click-tt.de\/cgi-bin\/WebObjects\/nuLigaTTDE.woa\/wa\/playerPortrait?federation=HeTTV&amp;season=2016%2F17&amp;person=290284&amp;club=168\">Rein, Frank<\/a><\/td>\n<td>&nbsp;-&gt;<\/td>\n<td>&nbsp;1488<\/td>\n<td>&nbsp;-&gt;<\/td>\n<td>&nbsp;<\/td>\n<td>&nbsp;+-0<\/td>\n<\/tr>\n<tr>\n<td>3.4<\/td>\n<td>1466<\/td>\n<td><a title=\"Spielerportrait und head-to-head\" href=\"http:\/\/httv.click-tt.de\/cgi-bin\/WebObjects\/nuLigaTTDE.woa\/wa\/playerPortrait?federation=HeTTV&amp;season=2016%2F17&amp;person=289499&amp;club=168\">H\u00f6hl, Bernd<\/a><\/td>\n<td>&nbsp;-&gt;<\/td>\n<td>&nbsp;1484<\/td>\n<td>&nbsp;-&gt;<\/td>\n<td>&nbsp;<\/td>\n<td>&nbsp;+18<\/td>\n<\/tr>\n<tr>\n<td>3.5<\/td>\n<td>1418<\/td>\n<td><a title=\"Spielerportrait und head-to-head\" href=\"http:\/\/httv.click-tt.de\/cgi-bin\/WebObjects\/nuLigaTTDE.woa\/wa\/playerPortrait?federation=HeTTV&amp;season=2016%2F17&amp;person=1376344&amp;club=168\">Guthier, Nicholas<\/a><\/td>\n<td>&nbsp;-&gt;<\/td>\n<td>&nbsp;1456<\/td>\n<td>&nbsp;-&gt;<\/td>\n<td>&nbsp;<\/td>\n<td><span style=\"color: rgb(0, 128, 0);\">&nbsp;+38<\/span><\/td>\n<\/tr>\n<tr>\n<td>3.6<\/td>\n<td>1437<\/td>\n<td><a title=\"Spielerportrait und head-to-head\" href=\"http:\/\/httv.click-tt.de\/cgi-bin\/WebObjects\/nuLigaTTDE.woa\/wa\/playerPortrait?federation=HeTTV&amp;season=2016%2F17&amp;person=709015&amp;club=168\">H\u00fcbner, Marc<\/a><\/td>\n<td>&nbsp;-&gt;<\/td>\n<td>&nbsp;1467<\/td>\n<td>&nbsp;-&gt;<\/td>\n<td>&nbsp;<\/td>\n<td>&nbsp;+30<\/td>\n<\/tr>\n<tr>\n<td>3.7<\/td>\n<td>1425<\/td>\n<td><a title=\"Spielerportrait und head-to-head\" href=\"http:\/\/httv.click-tt.de\/cgi-bin\/WebObjects\/nuLigaTTDE.woa\/wa\/playerPortrait?federation=HeTTV&amp;season=2016%2F17&amp;person=1486342&amp;club=168\">Sch\u00f6pf, Hans J\u00fcrgen<\/a><\/td>\n<td>&nbsp;-&gt;<\/td>\n<td>&nbsp;1434<\/td>\n<td>&nbsp;-&gt;<\/td>\n<td>&nbsp;<\/td>\n<td>&nbsp;+11<\/td>\n<\/tr>\n<\/tbody>\n<\/table>\n","protected":false},"excerpt":{"rendered":"<p>Nach der 3 w\u00f6chigen Osterpause trat die dritte Mannschaft&nbsp;zum letzten Saisonspiel gegen die erste Mannschaft des TTF H\u00e4hnlein an. Nur mit einem Sieg konnte der 3. Platz, der zur Relegation [&hellip;]<\/p>\n","protected":false},"author":2,"featured_media":3318,"comment_status":"open","ping_status":"closed","sticky":false,"template":"","format":"standard","meta":{"ngg_post_thumbnail":0,"footnotes":""},"categories":[17],"tags":[190,224,63,11],"class_list":["post-3744","post","type-post","status-publish","format-standard","has-post-thumbnail","hentry","category-mannschaft3","tag-190","tag-abschlussbericht","tag-kreisliga","tag-ttc3"],"_links":{"self":[{"href":"https:\/\/www.ttc-darmstadt.de\/blog\/wp-json\/wp\/v2\/posts\/3744","targetHints":{"allow":["GET"]}}],"collection":[{"href":"https:\/\/www.ttc-darmstadt.de\/blog\/wp-json\/wp\/v2\/posts"}],"about":[{"href":"https:\/\/www.ttc-darmstadt.de\/blog\/wp-json\/wp\/v2\/types\/post"}],"author":[{"embeddable":true,"href":"https:\/\/www.ttc-darmstadt.de\/blog\/wp-json\/wp\/v2\/users\/2"}],"replies":[{"embeddable":true,"href":"https:\/\/www.ttc-darmstadt.de\/blog\/wp-json\/wp\/v2\/comments?post=3744"}],"version-history":[{"count":2,"href":"https:\/\/www.ttc-darmstadt.de\/blog\/wp-json\/wp\/v2\/posts\/3744\/revisions"}],"predecessor-version":[{"id":3746,"href":"https:\/\/www.ttc-darmstadt.de\/blog\/wp-json\/wp\/v2\/posts\/3744\/revisions\/3746"}],"wp:featuredmedia":[{"embeddable":true,"href":"https:\/\/www.ttc-darmstadt.de\/blog\/wp-json\/wp\/v2\/media\/3318"}],"wp:attachment":[{"href":"https:\/\/www.ttc-darmstadt.de\/blog\/wp-json\/wp\/v2\/media?parent=3744"}],"wp:term":[{"taxonomy":"category","embeddable":true,"href":"https:\/\/www.ttc-darmstadt.de\/blog\/wp-json\/wp\/v2\/categories?post=3744"},{"taxonomy":"post_tag","embeddable":true,"href":"https:\/\/www.ttc-darmstadt.de\/blog\/wp-json\/wp\/v2\/tags?post=3744"}],"curies":[{"name":"wp","href":"https:\/\/api.w.org\/{rel}","templated":true}]}}