{"id":3741,"date":"2017-04-17T19:53:02","date_gmt":"2017-04-17T17:53:02","guid":{"rendered":"http:\/\/www.ttc-darmstadt.de\/?p=3741"},"modified":"2017-04-23T23:03:49","modified_gmt":"2017-04-23T21:03:49","slug":"1-jugend-super-dritter-platz-in-der-bezirksoberliga-der-jugend","status":"publish","type":"post","link":"https:\/\/www.ttc-darmstadt.de\/blog\/1-jugend-super-dritter-platz-in-der-bezirksoberliga-der-jugend\/","title":{"rendered":"1. Jugend &#8211; Super dritter Platz in der Bezirksoberliga der Jugend"},"content":{"rendered":"<p>Unsere 1. M\u00e4nnliche Jugend konnte in der abgelaufenen Saison einen hervorragenden dritten Platz in der Bezirksoberliga der Jugend belegen. Die neuformierte Mannschaft mit Lennart Lortz, Nils Sch\u00e4fer, Silas Eufinger und David Lortz spielte eine klasse Saison in der dritth\u00f6chsten Jugendklasse in Hessen. Bis auf David h\u00e4tten alle sogar noch bei den A-Sch\u00fclern an den Start gehen k\u00f6nnen. Dass die Mannschaft mithalten konnte, zeigte sich bereits im ersten Saisonspiel in Beerfelden. Gegen den sp\u00e4teren Vizemeister gab es eine mehr als ungl\u00fcckliche 4:6 Niederlage und wir fuhren nach Hause und dachten alle: Da war mehr drin. Obwohl man in der Vorrunde nur im Spiel gegen M\u00fchlheim mit 2:8 deutlich verlor, waren am Ende nur 7:9 Punkte eingesammelt worden und das bedeutete Platz 6. Man muss dazu sagen, dass die Bezirksoberliga relativ ausgeglichen besetzt war. Es kam zu vielen Spielen auf \u201eAugenh\u00f6he\u201c &nbsp;und so kam es nat\u00fcrlich auch zu vielen knappen Ergebnissen, was f\u00fcr die Betreuer nicht immer nervenschonend war.<\/p>\n<p>In der R\u00fcckrunde lief es deutlich besser und es gab viele tolle Spiele. Selbst gegen den unangefochtenen Meister aus Rodgau-J\u00fcgesheim verlor man nur 4:6. Siege gegen K\u00f6nigst\u00e4tten, M\u00fchlheim, H\u00f6chst und Eschersheim folgten. Dann kam es zum 4:6 Ausrutscher, mit 20:22 S\u00e4tzen, gegen den Tabellensiebten Bergen-Enkheim. Bergen-Enkheim hat &nbsp;aber eine super R\u00fcckrunde gespielt &nbsp;und hatte unter dem Strich verdient gewonnen. Allerdings war diese Niederlage &nbsp;am vorletzten Spieltag nicht eingeplant und hat mit Blick auf die Tabelle auch sehr wehgetan. Viele knappe Spiele liefen im 5. Satz gegen uns und Platz drei in der Abschlusstabelle war fast nicht mehr erreichbar. Es konnte nur gelingen, wenn man gegen die mehr als starke Mannschaft vom Nachbarverein Blau-Gelb Darmstadt am letzten Spieltag und dazu noch ausw\u00e4rts 8:2 gewinnt und das war mehr als undenkbar, zumal man aus sportlichen und Gr\u00fcnden der Fairness und der guten Nachbarschaft&nbsp; dem Verlegungswunsch von Blau-Gelb auch nachgekommen war. Somit war schon vor dem Spiel klar, dass die Blau-Gelben mit ihren besten drei Aktiven antreten w\u00fcrden.&nbsp; Schon auf der Hinfahrt redete &nbsp;Mannschaftsbetreuer Wolfram &nbsp;die Mannschaft stark und erkl\u00e4rte wer wen schlagen muss damit das 8:2 gelingt und Jugendleiter Max gab die entscheidenden Tipps bei der Beratung. Dass es dann auch so kam, war mehr als sensationell und lag aber haupts\u00e4chlich daran, dass die Mannschaft ihr bestes Saisonspiel abrief. So gesehen h\u00e4tte die Runde noch weiterlaufen k\u00f6nnen. F\u00fcr Blau-Gelb war es nat\u00fcrlich umgekehrt eine mehr als ungl\u00fcckliche Niederlage, denn alle f\u00fcnften S\u00e4tze gingen an uns.<\/p>\n<p>Alles in allem war es eine tolle Saison und unsere gegnerischen Mannschaften waren alle super nett und fair.<\/p>\n<p>Mein Dank gilt in erster Linie den Spielern, die diesen tollen Platz erst m\u00f6glich gemacht haben, aber auch an die \u201ePapas\u201c Andreas und Hubert die in fast allen Spielen unterst\u00fctzt und mitgelitten haben.<\/p>\n<p>Die Mannschaft wurde zum Abschluss nochmals von Mannschaftsbetreuer Wolfram zum Pizza essen eingeladen und das wird in K\u00fcrze stattfinden. Dabei wird dann auch der Spieler David verabschiedet, der im n\u00e4chsten Jahr aus Altersgr\u00fcnden keine Jugend mehr spielen darf.<\/p>\n<p>Vielen Dank an alle f\u00fcr den reibungslosen Ablauf der Saison. Ich freue mich schon auf die neue Runde.<\/p>\n<p>Wolfram Sch\u00e4fer<\/p>\n","protected":false},"excerpt":{"rendered":"<p>Unsere 1. M\u00e4nnliche Jugend konnte in der abgelaufenen Saison einen hervorragenden dritten Platz in der Bezirksoberliga der Jugend belegen. Die neuformierte Mannschaft mit Lennart Lortz, Nils Sch\u00e4fer, Silas Eufinger und [&hellip;]<\/p>\n","protected":false},"author":11,"featured_media":3551,"comment_status":"closed","ping_status":"closed","sticky":false,"template":"","format":"standard","meta":{"ngg_post_thumbnail":0,"footnotes":""},"categories":[3,5],"tags":[],"class_list":["post-3741","post","type-post","status-publish","format-standard","has-post-thumbnail","hentry","category-nachwuchs","category-wettkampf"],"_links":{"self":[{"href":"https:\/\/www.ttc-darmstadt.de\/blog\/wp-json\/wp\/v2\/posts\/3741","targetHints":{"allow":["GET"]}}],"collection":[{"href":"https:\/\/www.ttc-darmstadt.de\/blog\/wp-json\/wp\/v2\/posts"}],"about":[{"href":"https:\/\/www.ttc-darmstadt.de\/blog\/wp-json\/wp\/v2\/types\/post"}],"author":[{"embeddable":true,"href":"https:\/\/www.ttc-darmstadt.de\/blog\/wp-json\/wp\/v2\/users\/11"}],"replies":[{"embeddable":true,"href":"https:\/\/www.ttc-darmstadt.de\/blog\/wp-json\/wp\/v2\/comments?post=3741"}],"version-history":[{"count":3,"href":"https:\/\/www.ttc-darmstadt.de\/blog\/wp-json\/wp\/v2\/posts\/3741\/revisions"}],"predecessor-version":[{"id":3748,"href":"https:\/\/www.ttc-darmstadt.de\/blog\/wp-json\/wp\/v2\/posts\/3741\/revisions\/3748"}],"wp:featuredmedia":[{"embeddable":true,"href":"https:\/\/www.ttc-darmstadt.de\/blog\/wp-json\/wp\/v2\/media\/3551"}],"wp:attachment":[{"href":"https:\/\/www.ttc-darmstadt.de\/blog\/wp-json\/wp\/v2\/media?parent=3741"}],"wp:term":[{"taxonomy":"category","embeddable":true,"href":"https:\/\/www.ttc-darmstadt.de\/blog\/wp-json\/wp\/v2\/categories?post=3741"},{"taxonomy":"post_tag","embeddable":true,"href":"https:\/\/www.ttc-darmstadt.de\/blog\/wp-json\/wp\/v2\/tags?post=3741"}],"curies":[{"name":"wp","href":"https:\/\/api.w.org\/{rel}","templated":true}]}}