{"id":3578,"date":"2017-01-13T16:22:08","date_gmt":"2017-01-13T14:22:08","guid":{"rendered":"http:\/\/www.ttc-darmstadt.de\/?p=3578"},"modified":"2018-06-06T10:20:28","modified_gmt":"2018-06-06T08:20:28","slug":"ttc-feiert-sein-50-jubilaeum","status":"publish","type":"post","link":"https:\/\/www.ttc-darmstadt.de\/blog\/ttc-feiert-sein-50-jubilaeum\/","title":{"rendered":"TTC feiert 50. Jubil\u00e4um"},"content":{"rendered":"<figure id=\"attachment_3727\" aria-describedby=\"caption-attachment-3727\" style=\"width: 300px\" class=\"wp-caption alignleft\"><a href=\"http:\/\/www.ttc-darmstadt.de\/wp-content\/uploads\/50-Jahre-TTC-038-2.jpg\"><img loading=\"lazy\" decoding=\"async\" width=\"300\" height=\"200\" class=\"wp-image-3727 size-medium\" alt=\"\" src=\"http:\/\/www.ttc-darmstadt.de\/wp-content\/uploads\/50-Jahre-TTC-038-2-300x200.jpg\" srcset=\"https:\/\/www.ttc-darmstadt.de\/blog\/wp-content\/uploads\/50-Jahre-TTC-038-2-300x200.jpg 300w, https:\/\/www.ttc-darmstadt.de\/blog\/wp-content\/uploads\/50-Jahre-TTC-038-2-644x429.jpg 644w, https:\/\/www.ttc-darmstadt.de\/blog\/wp-content\/uploads\/50-Jahre-TTC-038-2.jpg 750w\" sizes=\"auto, (max-width: 300px) 100vw, 300px\" \/><\/a><figcaption id=\"caption-attachment-3727\" class=\"wp-caption-text\">Stolz h\u00e4lt Vereinsvorstand Wolfram Sch\u00e4fer das Geschenk des HTTV zum 50. Vereinsjubil\u00e4um<\/figcaption><\/figure>\n<p>Am Donnerstag, 12.01.2017 hat der 1. TTC Darmstadt mit&nbsp;einigen hundert G\u00e4sten beim Festkommers in der Turnhalle der Friedrich-Ebert-Grundschule sein 50-j\u00e4hriges Jubil\u00e4um gefeiert.<\/p>\n<p>Um 19 Uhr startete die Feier mit Musik eines Geiger-Duos vom kleinen Orchester Darmstadt. Es folgten Begr\u00fc\u00dfungen, Reden, Gl\u00fcckw\u00fcnsche, die w\u00fcrdigten was den Verein auszeichnet: seine Kontinuit\u00e4t, Geselligkeit, Engagement, Jugendarbeit, Clubheimbau, Schuldenfreiheit.&nbsp;Den Rednern vom TTC, der Stadt, Nachbarvereinen, Landessportbund und HTTC-Pr\u00e4sident folgten einige hundert G\u00e4ste. Neben sehr vielen aktiven, passiven und ehemaligen Mitgliedern geh\u00f6rten dazu auch unsere Nachwuchsspieler mit deren Eltern und Vertreter&nbsp;befreundeter Vereine.<\/p>\n<p>\u00dcberraschend nahm Annika Middel, seit den mini-Meisterschaften vor wenigen Jahren flei\u00dfig trainierendes Mitglied im Nachwuchs, allen Mut zusammen und bedankte sich auf der B\u00fchne bei allen Trainern f\u00fcr&nbsp;deren Arbeit. Dies wurde mit kr\u00e4ftigem Beifall vom Publikum unterst\u00fctzt.<\/p>\n<p>Der feierliche Rahme wurde auch genutzt, um langj\u00e4hrige Vereinsmitgliedschaften und Verbundenheit zum Tischtennissport allgemein auszuzeichnen. Vereinsmitglied Philipp Czechowski, aber auch Hans-J\u00fcrgen Luft&nbsp;hielten die Veranstaltung fotografisch fest.<\/p>\n<p>In angenehmer Atmosph\u00e4re, die mit Hilfe von TTC-Vertretern, Hans-J\u00fcrgen Luft und einigen anderen unverzichtbaren Helfern&nbsp;geschaffen wurde, neigte sich der offizielle Teil dem Ende. Zuvor blickten aber unsere zur Zeit passiven Mitglieder Bernd Seitz und Holger Spie\u00df in Sketchmanier auf die letzten 5 Jahr zur\u00fcck und sorgten f\u00fcr allgemeine Heiterkeit und Ablenkung von Gedanken an das nachfolgende Buffet.&nbsp;<\/p>\n<p>Dieses er\u00f6ffnete Vereinsvorsitzender Wolfram Sch\u00e4fer, zur Feier des Tages mit&nbsp;TTC-Logo betupfter&nbsp;Krawatte, fast p\u00fcnktlich um 21 Uhr. Die anwesenden G\u00e4ste f\u00fchlten sich wohl. Essen, Getr\u00e4nke und der nebenher&nbsp; laufende Foto-R\u00fcckblick schienen zu gefallen. Jedenfalls musste die Aufr\u00e4umhelfer ab etwa 11 Uhr die gem\u00fctlichen Runden durch Einschalten des Wettkampflichtes an die fortgeschritten Uhrzeit erinnern.<\/p>\n<p>Fotos folgen.<\/p>\nngg_shortcode_0_placeholder\n<p>Auch das Darmst\u00e4dter Echo berichtete am Jubil\u00e4umstag \u00fcber den 1. TTC Darmstadt. Hier geht\u00b4s zum <a href=\"http:\/\/www.echo-online.de\/lokales\/darmstadt\/hoher-einsatz--nicht-nur-im-sport_17601513.htm\" target=\"_blank\" rel=\"noopener noreferrer\">Artikel<\/a><\/p>\n<p>Das Jubil\u00e4umskomitee des 1. TTC Darmstadt plant weitere Veranstaltung f\u00fcr das Jubil\u00e4umsjahr, um der Feierlust und der Bedeutung des Jubil\u00e4ums gerecht zu werden.<\/p>\n","protected":false},"excerpt":{"rendered":"<p>Am Donnerstag, 12.01.2017 hat der 1. TTC Darmstadt mit&nbsp;einigen hundert G\u00e4sten beim Festkommers in der Turnhalle der Friedrich-Ebert-Grundschule sein 50-j\u00e4hriges Jubil\u00e4um gefeiert. Um 19 Uhr startete die Feier mit Musik [&hellip;]<\/p>\n","protected":false},"author":2,"featured_media":3727,"comment_status":"closed","ping_status":"closed","sticky":false,"template":"","format":"standard","meta":{"ngg_post_thumbnail":0,"footnotes":""},"categories":[1],"tags":[216,217,215],"class_list":["post-3578","post","type-post","status-publish","format-standard","has-post-thumbnail","hentry","category-verein","tag-50-jahre","tag-festkommers","tag-jubilaeum"],"_links":{"self":[{"href":"https:\/\/www.ttc-darmstadt.de\/blog\/wp-json\/wp\/v2\/posts\/3578","targetHints":{"allow":["GET"]}}],"collection":[{"href":"https:\/\/www.ttc-darmstadt.de\/blog\/wp-json\/wp\/v2\/posts"}],"about":[{"href":"https:\/\/www.ttc-darmstadt.de\/blog\/wp-json\/wp\/v2\/types\/post"}],"author":[{"embeddable":true,"href":"https:\/\/www.ttc-darmstadt.de\/blog\/wp-json\/wp\/v2\/users\/2"}],"replies":[{"embeddable":true,"href":"https:\/\/www.ttc-darmstadt.de\/blog\/wp-json\/wp\/v2\/comments?post=3578"}],"version-history":[{"count":10,"href":"https:\/\/www.ttc-darmstadt.de\/blog\/wp-json\/wp\/v2\/posts\/3578\/revisions"}],"predecessor-version":[{"id":4101,"href":"https:\/\/www.ttc-darmstadt.de\/blog\/wp-json\/wp\/v2\/posts\/3578\/revisions\/4101"}],"wp:featuredmedia":[{"embeddable":true,"href":"https:\/\/www.ttc-darmstadt.de\/blog\/wp-json\/wp\/v2\/media\/3727"}],"wp:attachment":[{"href":"https:\/\/www.ttc-darmstadt.de\/blog\/wp-json\/wp\/v2\/media?parent=3578"}],"wp:term":[{"taxonomy":"category","embeddable":true,"href":"https:\/\/www.ttc-darmstadt.de\/blog\/wp-json\/wp\/v2\/categories?post=3578"},{"taxonomy":"post_tag","embeddable":true,"href":"https:\/\/www.ttc-darmstadt.de\/blog\/wp-json\/wp\/v2\/tags?post=3578"}],"curies":[{"name":"wp","href":"https:\/\/api.w.org\/{rel}","templated":true}]}}